{"id":6682,"date":"2016-11-14T15:08:22","date_gmt":"2016-11-14T15:08:22","guid":{"rendered":""},"modified":"2016-11-14T15:08:22","modified_gmt":"2016-11-14T15:08:22","slug":"sismo-en-nueva-zelanda-deja-2-muertos","status":"publish","type":"post","link":"https:\/\/sertv.gob.pa\/crisolfm\/sismo-en-nueva-zelanda-deja-2-muertos\/","title":{"rendered":"Sismo en Nueva Zelanda deja 2 muertos"},"content":{"rendered":"<p>\nAl menos dos personas fallecieron a causa del terremoto de magnitud 7.8 que golpe\u00f3 a la Isla del Sur de Nueva Zelanda, anunci\u00f3 el primer ministro, John Key. <\/p>\n<p>Horas despu\u00e9s del temblor, registrado a unos 90 km de la ciudad de Christchurch, el jefe de gobierno neozeland\u00e9s confirm\u00f3 dos v\u00edctimas fatales y advirti\u00f3 que el n\u00famero podr\u00eda aumentar, pero\u00a0 manifest\u00f3 \u00a0que carec\u00edan de precisiones, dados los problemas de comunicaci\u00f3n con la zona afectada. <\/p>\n<p>El servicio de Defensa Civil emiti\u00f3 una alerta de tsunami en tanto que la polic\u00eda preventivamente solicitaba a los habitantes de la costa que evacuaran la zona, aunque m\u00e1s tarde todo se\u00f1alaba que el riesgo de da\u00f1os no era \u00absignificativo\u00bb. <\/p>\n<p>El sitio del gobierno de Nueva Zelanda,  GeoNet , afirm\u00f3 que el sismo fue \u00abampliamente sentido\u00bb en el pa\u00eds y advirti\u00f3 a la poblaci\u00f3n sobre probables r\u00e9plicas. <\/p>\n<p>\u00abEst\u00e1bamos dormidos y nos despertamos sintiendo que temblaba la casa\u00bb, declar\u00f3 a la  AFP  Tamsin Edensor, madre de dos ni\u00f1os en Christchurch. <\/p>\n<p>\u00abSigui\u00f3 el vaiv\u00e9n, intensific\u00e1ndose\u00bb, a\u00f1adi\u00f3 luego de \u00a0indicar que el sismo dur\u00f3 \u00abmucho\u00bb. <\/p>\n<p>Agreg\u00f3 que no hab\u00eda da\u00f1os en su calle y que la corriente el\u00e9ctrica no se cort\u00f3. <\/p>\n<p>\u00abSentimos r\u00e9plicas por ahora y vamos a hacer reservas de agua por precauci\u00f3n\u00bb. <\/p>\n<p>En septiembre, un peque\u00f1o tsunami alcanz\u00f3 las costas orientales de Nueva Zelanda tras un fuerte sismo en el mar que no ocasion\u00f3 v\u00edctimas ni da\u00f1os. <\/p>\n<p>Nueva Zelanda est\u00e1 en el l\u00edmite de las placas tect\u00f3nicas de Australia y del Pac\u00edfico, zona que pertenece al \u00abcintur\u00f3n de fuego\u00bb del Pac\u00edfico, donde se registran cada a\u00f1o hasta 15 mil sismos. <\/p>\n<p>\u00a0 <\/p>\n","protected":false},"excerpt":{"rendered":"<p>Al menos dos personas fallecieron a causa del terremoto de <a href=\"https:\/\/sertv.gob.pa\/crisolfm\/sismo-en-nueva-zelanda-deja-2-muertos\/\"> [&#8230;]<\/a><\/p>\n","protected":false},"author":1,"featured_media":6683,"comment_status":"closed","ping_status":"closed","sticky":false,"template":"","format":"standard","meta":{"footnotes":""},"categories":[7],"tags":[],"class_list":["post-6682","post","type-post","status-publish","format-standard","has-post-thumbnail","hentry","category-ecologicas"],"_links":{"self":[{"href":"https:\/\/sertv.gob.pa\/crisolfm\/wp-json\/wp\/v2\/posts\/6682","targetHints":{"allow":["GET"]}}],"collection":[{"href":"https:\/\/sertv.gob.pa\/crisolfm\/wp-json\/wp\/v2\/posts"}],"about":[{"href":"https:\/\/sertv.gob.pa\/crisolfm\/wp-json\/wp\/v2\/types\/post"}],"author":[{"embeddable":true,"href":"https:\/\/sertv.gob.pa\/crisolfm\/wp-json\/wp\/v2\/users\/1"}],"replies":[{"embeddable":true,"href":"https:\/\/sertv.gob.pa\/crisolfm\/wp-json\/wp\/v2\/comments?post=6682"}],"version-history":[{"count":0,"href":"https:\/\/sertv.gob.pa\/crisolfm\/wp-json\/wp\/v2\/posts\/6682\/revisions"}],"wp:featuredmedia":[{"embeddable":true,"href":"https:\/\/sertv.gob.pa\/crisolfm\/wp-json\/wp\/v2\/media\/6683"}],"wp:attachment":[{"href":"https:\/\/sertv.gob.pa\/crisolfm\/wp-json\/wp\/v2\/media?parent=6682"}],"wp:term":[{"taxonomy":"category","embeddable":true,"href":"https:\/\/sertv.gob.pa\/crisolfm\/wp-json\/wp\/v2\/categories?post=6682"},{"taxonomy":"post_tag","embeddable":true,"href":"https:\/\/sertv.gob.pa\/crisolfm\/wp-json\/wp\/v2\/tags?post=6682"}],"curies":[{"name":"wp","href":"https:\/\/api.w.org\/{rel}","templated":true}]}}