{"id":66851,"date":"2024-11-14T15:46:42","date_gmt":"2024-11-14T15:46:42","guid":{"rendered":"https:\/\/sertv.gob.pa\/crisolfm\/?p=66851"},"modified":"2024-11-14T15:46:42","modified_gmt":"2024-11-14T15:46:42","slug":"minsa-chiriqui-brinda-orientacion-psicologica-a-los-afectados-por-temporal","status":"publish","type":"post","link":"https:\/\/sertv.gob.pa\/crisolfm\/minsa-chiriqui-brinda-orientacion-psicologica-a-los-afectados-por-temporal\/","title":{"rendered":"MINSA Chiriqu\u00ed brinda orientaci\u00f3n psicol\u00f3gica a los afectados por temporal"},"content":{"rendered":"<p><strong>El equipo de psic\u00f3logos y psiquiatras de la Regi\u00f3n de Salud de Chiriqu\u00ed, efect\u00faa intervenciones en los albergues temporales instalados por el mal tiempo, donde se encuentran ni\u00f1os, j\u00f3venes, adultos y adultos mayores son atendidos por estos especialistas.<\/strong><\/p>\n<p><strong>El equipo de expertos, ha detectado a las personas con cuadros de nerviosismo, depresi\u00f3n, ansiedad, temor y confusi\u00f3n, por lo que se le est\u00e1 brindando el debido seguimiento.<\/strong><\/p>\n<p><strong>Egirio Cuadra, coordinador del departamento de Salud Mental, brind\u00f3 atenci\u00f3n a las personas alojadas en el distrito de Gualaca, mientras en Boquete, estuvo la psic\u00f3loga Mariluz D\u00edaz en compa\u00f1\u00eda del equipo local, as\u00ed mismo se verific\u00f3 las condiciones de los alojados en Alanje, Bar\u00fa y Tierras Altas.<\/strong><\/p>\n<p><strong>Paralelo a esta acci\u00f3n, se mantienen los educadores y promotores de la salud que, a trav\u00e9s de charlas y conversatorios instan a los afectados a priorizar en su bienestar, mediante la adopci\u00f3n de medidas de bioseguridad que les permita evitar el contagio de enfermedades.<\/strong><\/p>\n<p><strong>En los doce albergues temporales en la provincia, se mantiene la gira de atenci\u00f3n por parte de los equipos m\u00e9dicos, enfermer\u00eda, Saneamiento Ambiental, epidemiolog\u00eda, laboratorio y farmacia.<\/strong><\/p>\n<p>&nbsp;<\/p>\n<p>Fuente: MINSA<\/p>\n","protected":false},"excerpt":{"rendered":"<p>El equipo de psic\u00f3logos y psiquiatras de la Regi\u00f3n de <a href=\"https:\/\/sertv.gob.pa\/crisolfm\/minsa-chiriqui-brinda-orientacion-psicologica-a-los-afectados-por-temporal\/\"> [&#8230;]<\/a><\/p>\n","protected":false},"author":9,"featured_media":66852,"comment_status":"closed","ping_status":"closed","sticky":false,"template":"","format":"standard","meta":{"footnotes":""},"categories":[14],"tags":[],"class_list":["post-66851","post","type-post","status-publish","format-standard","has-post-thumbnail","hentry","category-salud"],"_links":{"self":[{"href":"https:\/\/sertv.gob.pa\/crisolfm\/wp-json\/wp\/v2\/posts\/66851","targetHints":{"allow":["GET"]}}],"collection":[{"href":"https:\/\/sertv.gob.pa\/crisolfm\/wp-json\/wp\/v2\/posts"}],"about":[{"href":"https:\/\/sertv.gob.pa\/crisolfm\/wp-json\/wp\/v2\/types\/post"}],"author":[{"embeddable":true,"href":"https:\/\/sertv.gob.pa\/crisolfm\/wp-json\/wp\/v2\/users\/9"}],"replies":[{"embeddable":true,"href":"https:\/\/sertv.gob.pa\/crisolfm\/wp-json\/wp\/v2\/comments?post=66851"}],"version-history":[{"count":1,"href":"https:\/\/sertv.gob.pa\/crisolfm\/wp-json\/wp\/v2\/posts\/66851\/revisions"}],"predecessor-version":[{"id":66853,"href":"https:\/\/sertv.gob.pa\/crisolfm\/wp-json\/wp\/v2\/posts\/66851\/revisions\/66853"}],"wp:featuredmedia":[{"embeddable":true,"href":"https:\/\/sertv.gob.pa\/crisolfm\/wp-json\/wp\/v2\/media\/66852"}],"wp:attachment":[{"href":"https:\/\/sertv.gob.pa\/crisolfm\/wp-json\/wp\/v2\/media?parent=66851"}],"wp:term":[{"taxonomy":"category","embeddable":true,"href":"https:\/\/sertv.gob.pa\/crisolfm\/wp-json\/wp\/v2\/categories?post=66851"},{"taxonomy":"post_tag","embeddable":true,"href":"https:\/\/sertv.gob.pa\/crisolfm\/wp-json\/wp\/v2\/tags?post=66851"}],"curies":[{"name":"wp","href":"https:\/\/api.w.org\/{rel}","templated":true}]}}