{"id":66854,"date":"2024-11-14T16:08:43","date_gmt":"2024-11-14T16:08:43","guid":{"rendered":"https:\/\/sertv.gob.pa\/crisolfm\/?p=66854"},"modified":"2024-11-14T16:08:43","modified_gmt":"2024-11-14T16:08:43","slug":"docencia-de-escuela-para-padres-desarrollo-emocional-y-discapacidad","status":"publish","type":"post","link":"https:\/\/sertv.gob.pa\/crisolfm\/docencia-de-escuela-para-padres-desarrollo-emocional-y-discapacidad\/","title":{"rendered":"Docencia de Escuela Para Padres: \u00abDesarrollo Emocional y Discapacidad\u00bb"},"content":{"rendered":"<p><strong>El Departamento de Escuela Para Padres del Instituto Paname\u00f1o de Habilitaci\u00f3n Especial (IPHE), imparti\u00f3 una docencia virtual sobre el \u201cDesarrollo Emocional y Discapacidad: Una mirada a las experiencias del estudiante, entorno y modelos oportunos\u201d, dirigido a padres de familias como parte de la estrategia de garantizarles apoyos y recursos, que les permitan ayudar a sus hijos en su proceso de aprendizaje.<\/strong><\/p>\n<p><strong>Esta actividad, que abord\u00f3 las experiencias del estudiante, su entorno y los modelos oportunos para fomentar su crecimiento emocional, tuvo como objetivo brindarles a los 100 participantes herramientas y estrategias que les permitan evaluar el comportamiento y la respuesta de sus hijos ante diferentes situaciones.<\/strong><\/p>\n<p><strong>El facilitador de esta capacitaci\u00f3n, el licenciado Edward Bonilla, psic\u00f3logo del IPHE en la sede de Chiriqu\u00ed, destaca que: \u201cEs en el cerebro emocional y las estructuras encef\u00e1licas que trabajan en el aprendizaje, respuesta, regulaci\u00f3n y funciones ejecutivas, desde la experiencia emocional\u201d.<\/strong><\/p>\n<p><strong>Desde la perspectiva de la teor\u00eda del Desarrollo Emocional y Discapacidad, se enfatiz\u00f3 que, toda persona con discapacidad tiene la capacidad de lograr un desarrollo emocional. Sin embargo, es importante considerar c\u00f3mo aprendemos sobre las emociones, d\u00f3nde las aprendemos y qui\u00e9n nos las ense\u00f1a. Estos factores juegan un papel fundamental en la manera en que los individuos con discapacidad experimentan y expresan sus emociones.<\/strong><\/p>\n<p><strong>Esta docencia se enmarca dentro del concepto de Inteligencia Emocional, que abarca el reconocimiento de las emociones propias y ajenas, la motivaci\u00f3n y el desarrollo de las relaciones, tal como lo describe el reconocido autor Daniel Goleman. Con esta informaci\u00f3n, los padres podr\u00e1n acompa\u00f1ar de manera m\u00e1s efectiva el proceso de desarrollo emocional de sus hijos con discapacidad.<\/strong><\/p>\n<p>&nbsp;<\/p>\n<p>Fuente: IPHE<\/p>\n","protected":false},"excerpt":{"rendered":"<p>El Departamento de Escuela Para Padres del Instituto Paname\u00f1o de <a href=\"https:\/\/sertv.gob.pa\/crisolfm\/docencia-de-escuela-para-padres-desarrollo-emocional-y-discapacidad\/\"> [&#8230;]<\/a><\/p>\n","protected":false},"author":9,"featured_media":66855,"comment_status":"closed","ping_status":"closed","sticky":false,"template":"","format":"standard","meta":{"footnotes":""},"categories":[14],"tags":[],"class_list":["post-66854","post","type-post","status-publish","format-standard","has-post-thumbnail","hentry","category-salud"],"_links":{"self":[{"href":"https:\/\/sertv.gob.pa\/crisolfm\/wp-json\/wp\/v2\/posts\/66854","targetHints":{"allow":["GET"]}}],"collection":[{"href":"https:\/\/sertv.gob.pa\/crisolfm\/wp-json\/wp\/v2\/posts"}],"about":[{"href":"https:\/\/sertv.gob.pa\/crisolfm\/wp-json\/wp\/v2\/types\/post"}],"author":[{"embeddable":true,"href":"https:\/\/sertv.gob.pa\/crisolfm\/wp-json\/wp\/v2\/users\/9"}],"replies":[{"embeddable":true,"href":"https:\/\/sertv.gob.pa\/crisolfm\/wp-json\/wp\/v2\/comments?post=66854"}],"version-history":[{"count":1,"href":"https:\/\/sertv.gob.pa\/crisolfm\/wp-json\/wp\/v2\/posts\/66854\/revisions"}],"predecessor-version":[{"id":66856,"href":"https:\/\/sertv.gob.pa\/crisolfm\/wp-json\/wp\/v2\/posts\/66854\/revisions\/66856"}],"wp:featuredmedia":[{"embeddable":true,"href":"https:\/\/sertv.gob.pa\/crisolfm\/wp-json\/wp\/v2\/media\/66855"}],"wp:attachment":[{"href":"https:\/\/sertv.gob.pa\/crisolfm\/wp-json\/wp\/v2\/media?parent=66854"}],"wp:term":[{"taxonomy":"category","embeddable":true,"href":"https:\/\/sertv.gob.pa\/crisolfm\/wp-json\/wp\/v2\/categories?post=66854"},{"taxonomy":"post_tag","embeddable":true,"href":"https:\/\/sertv.gob.pa\/crisolfm\/wp-json\/wp\/v2\/tags?post=66854"}],"curies":[{"name":"wp","href":"https:\/\/api.w.org\/{rel}","templated":true}]}}