{"id":66907,"date":"2024-11-15T15:59:20","date_gmt":"2024-11-15T15:59:20","guid":{"rendered":"https:\/\/sertv.gob.pa\/crisolfm\/?p=66907"},"modified":"2024-11-15T15:59:20","modified_gmt":"2024-11-15T15:59:20","slug":"minsa-inicia-capacitacion-de-encargados-de-proteccion-radiologica","status":"publish","type":"post","link":"https:\/\/sertv.gob.pa\/crisolfm\/minsa-inicia-capacitacion-de-encargados-de-proteccion-radiologica\/","title":{"rendered":"MINSA inicia capacitaci\u00f3n de Encargados de protecci\u00f3n radiol\u00f3gica"},"content":{"rendered":"<p><strong>La direcci\u00f3n de Provisi\u00f3n de Servicios del Ministerio de Salud de Panam\u00e1, dio inici\u00f3 a la capacitaci\u00f3n de Encargados de Protecci\u00f3n Radiol\u00f3gica, con el prop\u00f3sito de fortalecer los conocimientos y capacidades del personal en Materia de protecci\u00f3n radiol\u00f3gica.<\/strong><\/p>\n<p><strong>Madalane Cunningham, t\u00e9cnica del departamento de Organizaci\u00f3n y Desarrollo de la direcci\u00f3n de Provisi\u00f3n de Servicios, manifest\u00f3 que, esta capacitaci\u00f3n esta dirigida a 58 funcionarios, que asumen un rol crucial en la implementaci\u00f3n de medidas de seguridad y cumplimiento regulatorio en sus respectivos centros de trabajo.<\/strong><\/p>\n<p><strong>Cunningham, explic\u00f3 que, con una metodolog\u00eda te\u00f3rico-pr\u00e1ctica, el programa abarca desde los principios b\u00e1sicos de radio protecci\u00f3n hasta las normativas nacionales e internacionales que regulan la pr\u00e1ctica radiol\u00f3gica, con \u00e9nfasis en las Resoluciones No. 0026 de 2017 y otras regulaciones de la Autoridad de Protecci\u00f3n Radiol\u00f3gica de Panam\u00e1.<\/strong><\/p>\n<p><strong>\u201cCon la implementaci\u00f3n de este curso, esperamos que cada uno de los funcionarios, fortalezca su capacidad para ejecutar medidas de seguridad en radiolog\u00eda y, en consecuencia, contribuya significativamente a la protecci\u00f3n de la salud de los pacientes y el personal de salud\u201d, dijo Cunningham.<\/strong><\/p>\n<p><strong>Cunningham, indic\u00f3 que, los participantes tuvieron la oportunidad de familiarizarse con los equipos radiol\u00f3gicos en un entorno controlado, siguiendo todas las medidas de seguridad requeridas. Cada sesi\u00f3n, los participantes, analizaran casos pr\u00e1cticos y discutieron estrategias de mitigaci\u00f3n de riesgos.<\/strong><\/p>\n<p><strong>Esta iniciativa constituye un paso fundamental hacia el desarrollo de un entorno laboral m\u00e1s seguro y consciente en el \u00e1mbito radiol\u00f3gico, en consonancia con los est\u00e1ndares de calidad y responsabilidad que demanda nuestro sistema de salud.<\/strong><\/p>\n<p><strong>El curso de Encargado de Protecci\u00f3n Radiol\u00f3gica, se dise\u00f1\u00f3 cuidadosamente para responder a las necesidades identificadas en el diagn\u00f3stico de competencias del personal que trabaja en contacto con equipos y procedimientos radiol\u00f3gicos.<\/strong><\/p>\n<p>&nbsp;<\/p>\n<p>Fuente: MINSA<\/p>\n","protected":false},"excerpt":{"rendered":"<p>La direcci\u00f3n de Provisi\u00f3n de Servicios del Ministerio de Salud <a href=\"https:\/\/sertv.gob.pa\/crisolfm\/minsa-inicia-capacitacion-de-encargados-de-proteccion-radiologica\/\"> [&#8230;]<\/a><\/p>\n","protected":false},"author":9,"featured_media":66908,"comment_status":"closed","ping_status":"closed","sticky":false,"template":"","format":"standard","meta":{"footnotes":""},"categories":[14],"tags":[],"class_list":["post-66907","post","type-post","status-publish","format-standard","has-post-thumbnail","hentry","category-salud"],"_links":{"self":[{"href":"https:\/\/sertv.gob.pa\/crisolfm\/wp-json\/wp\/v2\/posts\/66907","targetHints":{"allow":["GET"]}}],"collection":[{"href":"https:\/\/sertv.gob.pa\/crisolfm\/wp-json\/wp\/v2\/posts"}],"about":[{"href":"https:\/\/sertv.gob.pa\/crisolfm\/wp-json\/wp\/v2\/types\/post"}],"author":[{"embeddable":true,"href":"https:\/\/sertv.gob.pa\/crisolfm\/wp-json\/wp\/v2\/users\/9"}],"replies":[{"embeddable":true,"href":"https:\/\/sertv.gob.pa\/crisolfm\/wp-json\/wp\/v2\/comments?post=66907"}],"version-history":[{"count":1,"href":"https:\/\/sertv.gob.pa\/crisolfm\/wp-json\/wp\/v2\/posts\/66907\/revisions"}],"predecessor-version":[{"id":66909,"href":"https:\/\/sertv.gob.pa\/crisolfm\/wp-json\/wp\/v2\/posts\/66907\/revisions\/66909"}],"wp:featuredmedia":[{"embeddable":true,"href":"https:\/\/sertv.gob.pa\/crisolfm\/wp-json\/wp\/v2\/media\/66908"}],"wp:attachment":[{"href":"https:\/\/sertv.gob.pa\/crisolfm\/wp-json\/wp\/v2\/media?parent=66907"}],"wp:term":[{"taxonomy":"category","embeddable":true,"href":"https:\/\/sertv.gob.pa\/crisolfm\/wp-json\/wp\/v2\/categories?post=66907"},{"taxonomy":"post_tag","embeddable":true,"href":"https:\/\/sertv.gob.pa\/crisolfm\/wp-json\/wp\/v2\/tags?post=66907"}],"curies":[{"name":"wp","href":"https:\/\/api.w.org\/{rel}","templated":true}]}}