{"id":66910,"date":"2024-11-15T16:13:12","date_gmt":"2024-11-15T16:13:12","guid":{"rendered":"https:\/\/sertv.gob.pa\/crisolfm\/?p=66910"},"modified":"2024-11-15T16:13:12","modified_gmt":"2024-11-15T16:13:12","slug":"padres-del-programa-de-paralisis-cerebral-reciben-docencia-sobre-control-postural","status":"publish","type":"post","link":"https:\/\/sertv.gob.pa\/crisolfm\/padres-del-programa-de-paralisis-cerebral-reciben-docencia-sobre-control-postural\/","title":{"rendered":"Padres del Programa de \u00abPar\u00e1lisis Cerebral\u00bb, reciben docencia sobre control postural"},"content":{"rendered":"<p><strong>En un esfuerzo por mejorar el apoyo a las familias de ni\u00f1os del Programa de Par\u00e1lisis Cerebral, se organiz\u00f3 recientemente una docencia enfocada en el control postural y las t\u00e9cnicas para trabajar desde casa. En esta docencia, participaron 10 estudiantes y sus padres de familias, dos docentes y 2 directivas del programa.<\/strong><\/p>\n<p><strong>Esta ense\u00f1anza, tuvo como objetivo principal, fortalecer los conocimientos de los padres en relaci\u00f3n con el control postural, brind\u00e1ndoles herramientas y estrategias pr\u00e1cticas para su aplicaci\u00f3n en el hogar mediante actividades l\u00fadicas y adecuadas a las necesidades de sus hijos.<\/strong><\/p>\n<p><strong>Durante la capacitaci\u00f3n, impartida por Valentina Bernal, estudiante de la Pr\u00e1ctica Profesional de Fisioterapia de la Universidad Especializada de Las Am\u00e9ricas (UDELAS), en colaboraci\u00f3n con la licenciada Milena Hern\u00e1ndez, fisioterapeuta del Instituto Paname\u00f1o de Habilitaci\u00f3n Especial (PHE), los asistentes recibieron orientaci\u00f3n y ejemplos pr\u00e1cticos sobre c\u00f3mo integrar estos ejercicios en la rutina diaria, promoviendo un desarrollo m\u00e1s efectivo y contribuyendo al desarrollo y bienestar de los ni\u00f1os con par\u00e1lisis cerebral.<\/strong><\/p>\n<p>Fuente: IPHE<\/p>\n","protected":false},"excerpt":{"rendered":"<p>En un esfuerzo por mejorar el apoyo a las familias <a href=\"https:\/\/sertv.gob.pa\/crisolfm\/padres-del-programa-de-paralisis-cerebral-reciben-docencia-sobre-control-postural\/\"> [&#8230;]<\/a><\/p>\n","protected":false},"author":9,"featured_media":66911,"comment_status":"closed","ping_status":"closed","sticky":false,"template":"","format":"standard","meta":{"footnotes":""},"categories":[14],"tags":[],"class_list":["post-66910","post","type-post","status-publish","format-standard","has-post-thumbnail","hentry","category-salud"],"_links":{"self":[{"href":"https:\/\/sertv.gob.pa\/crisolfm\/wp-json\/wp\/v2\/posts\/66910","targetHints":{"allow":["GET"]}}],"collection":[{"href":"https:\/\/sertv.gob.pa\/crisolfm\/wp-json\/wp\/v2\/posts"}],"about":[{"href":"https:\/\/sertv.gob.pa\/crisolfm\/wp-json\/wp\/v2\/types\/post"}],"author":[{"embeddable":true,"href":"https:\/\/sertv.gob.pa\/crisolfm\/wp-json\/wp\/v2\/users\/9"}],"replies":[{"embeddable":true,"href":"https:\/\/sertv.gob.pa\/crisolfm\/wp-json\/wp\/v2\/comments?post=66910"}],"version-history":[{"count":1,"href":"https:\/\/sertv.gob.pa\/crisolfm\/wp-json\/wp\/v2\/posts\/66910\/revisions"}],"predecessor-version":[{"id":66912,"href":"https:\/\/sertv.gob.pa\/crisolfm\/wp-json\/wp\/v2\/posts\/66910\/revisions\/66912"}],"wp:featuredmedia":[{"embeddable":true,"href":"https:\/\/sertv.gob.pa\/crisolfm\/wp-json\/wp\/v2\/media\/66911"}],"wp:attachment":[{"href":"https:\/\/sertv.gob.pa\/crisolfm\/wp-json\/wp\/v2\/media?parent=66910"}],"wp:term":[{"taxonomy":"category","embeddable":true,"href":"https:\/\/sertv.gob.pa\/crisolfm\/wp-json\/wp\/v2\/categories?post=66910"},{"taxonomy":"post_tag","embeddable":true,"href":"https:\/\/sertv.gob.pa\/crisolfm\/wp-json\/wp\/v2\/tags?post=66910"}],"curies":[{"name":"wp","href":"https:\/\/api.w.org\/{rel}","templated":true}]}}