{"id":66913,"date":"2024-11-15T17:05:09","date_gmt":"2024-11-15T17:05:09","guid":{"rendered":"https:\/\/sertv.gob.pa\/crisolfm\/?p=66913"},"modified":"2024-11-15T17:05:09","modified_gmt":"2024-11-15T17:05:09","slug":"analizan-en-conversatorio-realidad-de-embarazos-precoces-en-panama-oeste","status":"publish","type":"post","link":"https:\/\/sertv.gob.pa\/crisolfm\/analizan-en-conversatorio-realidad-de-embarazos-precoces-en-panama-oeste\/","title":{"rendered":"Analizan en conversatorio realidad de embarazos precoces en Panam\u00e1 Oeste"},"content":{"rendered":"<p><strong>Especialistas de instituciones nacionales e internacionales coinciden en que la pobreza, violencia dom\u00e9stica, deserci\u00f3n escolar, falta de protecci\u00f3n familiar y acceso a servicios y orientaci\u00f3n de salud, son algunos de los factores que inciden en el embarazo en adolescentes.<\/strong><\/p>\n<p><strong>Sensibilizar a los actores que de alguna manera influyen en la prevenci\u00f3n de embarazos en adolescentes, es el objetivo a trabajar de manera individual y colectivamente, para reducir la incidencia de embarazos en menores de edad en la provincia de Panam\u00e1 Oeste.<\/strong><\/p>\n<p><strong>Bajo esa premisa, se llev\u00f3 a cabo el Primer Conversatorio Regional de Panam\u00e1 Oeste para la Prevenci\u00f3n del Embarazo Adolescente, donde el Dr. Eloy N\u00fa\u00f1ez, coordinador provincial del Programa Escolar y adolescente de la Caja de Seguro Social (CSS),\u00a0 realiz\u00f3 una convocatoria que cont\u00f3 con la presencia de representantes de distintas instituciones p\u00fablicas y del sector privado.<\/strong><\/p>\n<p><strong>El Dr. N\u00fa\u00f1ez, inform\u00f3 ante los participantes procedentes del Ministerio de Desarrollo Social, Ministerio P\u00fablico, Defensor\u00eda del Pueblo, Juzgado de la ni\u00f1ez y adolescencia, La Secretar\u00eda Nacional de Ni\u00f1ez, Adolescencia y Familia, La Asociaci\u00f3n paname\u00f1a para la planificaci\u00f3n familiar, Ministerio de Educaci\u00f3n y representantes de la Alcald\u00eda de Arraij\u00e1n y La Chorrera, sobre esta realidad, donde la llamada \u201cd\u00e9cima provincia\u201d, ocupa la tercera posici\u00f3n del pa\u00eds en cantidad de embarazos precoces.<\/strong><\/p>\n<p><strong>Se\u00f1al\u00f3 que, la cultura, forma parte de esta incidencia, adem\u00e1s de otros factores como las barreras legales, falta de informaci\u00f3n por parte de actores sociales y de salud y la integraci\u00f3n familiar, comunitaria y escolar.<\/strong><\/p>\n<p><strong>El coordinador provincial del Programa Escolar y adolescente, resalt\u00f3 que, se debe referir a adolescentes en riesgo de embarazos y atacarlo de manera intersectorial para beneficio del adolescente y la prevenci\u00f3n, siendo este un problema social, no solo de salud.<\/strong><\/p>\n<p>&nbsp;<\/p>\n<p>Fuente: CSS<\/p>\n","protected":false},"excerpt":{"rendered":"<p>Especialistas de instituciones nacionales e internacionales coinciden en que la <a href=\"https:\/\/sertv.gob.pa\/crisolfm\/analizan-en-conversatorio-realidad-de-embarazos-precoces-en-panama-oeste\/\"> [&#8230;]<\/a><\/p>\n","protected":false},"author":9,"featured_media":66914,"comment_status":"closed","ping_status":"closed","sticky":false,"template":"","format":"standard","meta":{"footnotes":""},"categories":[14],"tags":[],"class_list":["post-66913","post","type-post","status-publish","format-standard","has-post-thumbnail","hentry","category-salud"],"_links":{"self":[{"href":"https:\/\/sertv.gob.pa\/crisolfm\/wp-json\/wp\/v2\/posts\/66913","targetHints":{"allow":["GET"]}}],"collection":[{"href":"https:\/\/sertv.gob.pa\/crisolfm\/wp-json\/wp\/v2\/posts"}],"about":[{"href":"https:\/\/sertv.gob.pa\/crisolfm\/wp-json\/wp\/v2\/types\/post"}],"author":[{"embeddable":true,"href":"https:\/\/sertv.gob.pa\/crisolfm\/wp-json\/wp\/v2\/users\/9"}],"replies":[{"embeddable":true,"href":"https:\/\/sertv.gob.pa\/crisolfm\/wp-json\/wp\/v2\/comments?post=66913"}],"version-history":[{"count":1,"href":"https:\/\/sertv.gob.pa\/crisolfm\/wp-json\/wp\/v2\/posts\/66913\/revisions"}],"predecessor-version":[{"id":66915,"href":"https:\/\/sertv.gob.pa\/crisolfm\/wp-json\/wp\/v2\/posts\/66913\/revisions\/66915"}],"wp:featuredmedia":[{"embeddable":true,"href":"https:\/\/sertv.gob.pa\/crisolfm\/wp-json\/wp\/v2\/media\/66914"}],"wp:attachment":[{"href":"https:\/\/sertv.gob.pa\/crisolfm\/wp-json\/wp\/v2\/media?parent=66913"}],"wp:term":[{"taxonomy":"category","embeddable":true,"href":"https:\/\/sertv.gob.pa\/crisolfm\/wp-json\/wp\/v2\/categories?post=66913"},{"taxonomy":"post_tag","embeddable":true,"href":"https:\/\/sertv.gob.pa\/crisolfm\/wp-json\/wp\/v2\/tags?post=66913"}],"curies":[{"name":"wp","href":"https:\/\/api.w.org\/{rel}","templated":true}]}}