{"id":6692,"date":"2016-11-15T14:48:06","date_gmt":"2016-11-15T14:48:06","guid":{"rendered":""},"modified":"2016-11-15T14:48:06","modified_gmt":"2016-11-15T14:48:06","slug":"2016-en-camino-a-ser-el-ano-mas-calido-registrado","status":"publish","type":"post","link":"https:\/\/sertv.gob.pa\/crisolfm\/2016-en-camino-a-ser-el-ano-mas-calido-registrado\/","title":{"rendered":"2016 en camino a ser el a\u00f1o m\u00e1s c\u00e1lido registrado"},"content":{"rendered":"<p>\nEl a\u00f1o 2016 va camino a batir el r\u00e9cord al m\u00e1s c\u00e1lido desde que comenzaron los registros en el siglo XIX, indic\u00f3 \u00a0la agencia meteorol\u00f3gica de la  Organizaci\u00f3n de las Naciones Unidas . <\/p>\n<p>Los datos preliminares hasta octubre muestran que la media global de temperaturas este a\u00f1o fue 1.2 grados cent\u00edgrados\u00a0m\u00e1s alta que en la era preindustrial, se\u00f1al\u00f3 la  Organizaci\u00f3n Meteorol\u00f3gica Mundial . <\/p>\n<p>Eso se acerca al l\u00edmite establecido por el acuerdo clim\u00e1tico global alcanzado el a\u00f1o pasado en Par\u00eds. El tratado pide limitar el incremento de las temperaturas hasta 2 grados C o incluso 1.5 grados C desde la revoluci\u00f3n industrial. <\/p>\n<p>Las temperaturas de este a\u00f1o se vieron impulsadas por el fen\u00f3meno clim\u00e1tico de  El Ni\u00f1o . <\/p>\n<p>El a\u00f1o m\u00e1s c\u00e1lido hasta ahora era 2015. La agencia internacional se\u00f1al\u00f3 que 16 de los 17 a\u00f1os m\u00e1s c\u00e1lidos documentados se produjeron este siglo, con la \u00fanica excepci\u00f3n de 1998, que igualmente coincidi\u00f3 con El Ni\u00f1o. <\/p>\n<p>\u00a0 <\/p>\n","protected":false},"excerpt":{"rendered":"<p>El a\u00f1o 2016 va camino a batir el r\u00e9cord al <a href=\"https:\/\/sertv.gob.pa\/crisolfm\/2016-en-camino-a-ser-el-ano-mas-calido-registrado\/\"> [&#8230;]<\/a><\/p>\n","protected":false},"author":1,"featured_media":6693,"comment_status":"closed","ping_status":"closed","sticky":false,"template":"","format":"standard","meta":{"footnotes":""},"categories":[7],"tags":[],"class_list":["post-6692","post","type-post","status-publish","format-standard","has-post-thumbnail","hentry","category-ecologicas"],"_links":{"self":[{"href":"https:\/\/sertv.gob.pa\/crisolfm\/wp-json\/wp\/v2\/posts\/6692","targetHints":{"allow":["GET"]}}],"collection":[{"href":"https:\/\/sertv.gob.pa\/crisolfm\/wp-json\/wp\/v2\/posts"}],"about":[{"href":"https:\/\/sertv.gob.pa\/crisolfm\/wp-json\/wp\/v2\/types\/post"}],"author":[{"embeddable":true,"href":"https:\/\/sertv.gob.pa\/crisolfm\/wp-json\/wp\/v2\/users\/1"}],"replies":[{"embeddable":true,"href":"https:\/\/sertv.gob.pa\/crisolfm\/wp-json\/wp\/v2\/comments?post=6692"}],"version-history":[{"count":0,"href":"https:\/\/sertv.gob.pa\/crisolfm\/wp-json\/wp\/v2\/posts\/6692\/revisions"}],"wp:featuredmedia":[{"embeddable":true,"href":"https:\/\/sertv.gob.pa\/crisolfm\/wp-json\/wp\/v2\/media\/6693"}],"wp:attachment":[{"href":"https:\/\/sertv.gob.pa\/crisolfm\/wp-json\/wp\/v2\/media?parent=6692"}],"wp:term":[{"taxonomy":"category","embeddable":true,"href":"https:\/\/sertv.gob.pa\/crisolfm\/wp-json\/wp\/v2\/categories?post=6692"},{"taxonomy":"post_tag","embeddable":true,"href":"https:\/\/sertv.gob.pa\/crisolfm\/wp-json\/wp\/v2\/tags?post=6692"}],"curies":[{"name":"wp","href":"https:\/\/api.w.org\/{rel}","templated":true}]}}