{"id":66954,"date":"2024-11-18T15:33:12","date_gmt":"2024-11-18T15:33:12","guid":{"rendered":"https:\/\/sertv.gob.pa\/crisolfm\/?p=66954"},"modified":"2024-11-18T15:33:12","modified_gmt":"2024-11-18T15:33:12","slug":"mida-participa-en-taller-regional-sobre-registro-de-plaguicidas-y-convenio-de-rotterdam","status":"publish","type":"post","link":"https:\/\/sertv.gob.pa\/crisolfm\/mida-participa-en-taller-regional-sobre-registro-de-plaguicidas-y-convenio-de-rotterdam\/","title":{"rendered":"MIDA participa en taller regional sobre registro de plaguicidas y Convenio de Rotterdam"},"content":{"rendered":"<p><strong>Panam\u00e1, a trav\u00e9s de la Direcci\u00f3n Nacional de Sanidad Vegetal y el Departamento de Agroqu\u00edmicos del Ministerio de Desarrollo Agropecuario de Panam\u00e1 (MIDA), particip\u00f3 en un taller regional sobre registro de plaguicidas y Convenio de Rotterdam, celebrado en San Jos\u00e9, Costa Rica.<\/strong><\/p>\n<p><strong>La capacitaci\u00f3n en la que particip\u00f3 la ingeniera Johany Gonz\u00e1lez, fue dise\u00f1ada para beneficiar a t\u00e9cnicos de diversas instituciones con en el objetivo de proporcionar, contribuir y familiarizarlos en los diferentes procedimientos.<\/strong><\/p>\n<p><strong>Asimismo, el taller, forma parte de los esfuerzos por fortalecer las capacidades del personal regional para enfrentar los desaf\u00edos en la gesti\u00f3n de plaguicidas y su correcta utilizaci\u00f3n.<\/strong><\/p>\n<p><strong>El Convenio de Rotterdam, es un tratado internacional, que tiene por objetivo promover la responsabilidad compartida y los esfuerzos conjuntos en la esfera del comercio internacional de ciertos productos qu\u00edmicos a fin de proteger la salud humana y el medio ambiente frente a posibles da\u00f1os.<\/strong><\/p>\n<p>&nbsp;<\/p>\n<p>Fuente: MIDA<\/p>\n","protected":false},"excerpt":{"rendered":"<p>Panam\u00e1, a trav\u00e9s de la Direcci\u00f3n Nacional de Sanidad Vegetal <a href=\"https:\/\/sertv.gob.pa\/crisolfm\/mida-participa-en-taller-regional-sobre-registro-de-plaguicidas-y-convenio-de-rotterdam\/\"> [&#8230;]<\/a><\/p>\n","protected":false},"author":9,"featured_media":66955,"comment_status":"closed","ping_status":"closed","sticky":false,"template":"","format":"standard","meta":{"footnotes":""},"categories":[16],"tags":[],"class_list":["post-66954","post","type-post","status-publish","format-standard","has-post-thumbnail","hentry","category-ambiente"],"_links":{"self":[{"href":"https:\/\/sertv.gob.pa\/crisolfm\/wp-json\/wp\/v2\/posts\/66954","targetHints":{"allow":["GET"]}}],"collection":[{"href":"https:\/\/sertv.gob.pa\/crisolfm\/wp-json\/wp\/v2\/posts"}],"about":[{"href":"https:\/\/sertv.gob.pa\/crisolfm\/wp-json\/wp\/v2\/types\/post"}],"author":[{"embeddable":true,"href":"https:\/\/sertv.gob.pa\/crisolfm\/wp-json\/wp\/v2\/users\/9"}],"replies":[{"embeddable":true,"href":"https:\/\/sertv.gob.pa\/crisolfm\/wp-json\/wp\/v2\/comments?post=66954"}],"version-history":[{"count":1,"href":"https:\/\/sertv.gob.pa\/crisolfm\/wp-json\/wp\/v2\/posts\/66954\/revisions"}],"predecessor-version":[{"id":66956,"href":"https:\/\/sertv.gob.pa\/crisolfm\/wp-json\/wp\/v2\/posts\/66954\/revisions\/66956"}],"wp:featuredmedia":[{"embeddable":true,"href":"https:\/\/sertv.gob.pa\/crisolfm\/wp-json\/wp\/v2\/media\/66955"}],"wp:attachment":[{"href":"https:\/\/sertv.gob.pa\/crisolfm\/wp-json\/wp\/v2\/media?parent=66954"}],"wp:term":[{"taxonomy":"category","embeddable":true,"href":"https:\/\/sertv.gob.pa\/crisolfm\/wp-json\/wp\/v2\/categories?post=66954"},{"taxonomy":"post_tag","embeddable":true,"href":"https:\/\/sertv.gob.pa\/crisolfm\/wp-json\/wp\/v2\/tags?post=66954"}],"curies":[{"name":"wp","href":"https:\/\/api.w.org\/{rel}","templated":true}]}}