{"id":66972,"date":"2024-11-18T18:59:13","date_gmt":"2024-11-18T18:59:13","guid":{"rendered":"https:\/\/sertv.gob.pa\/crisolfm\/?p=66972"},"modified":"2024-11-18T18:59:13","modified_gmt":"2024-11-18T18:59:13","slug":"superando-el-cancer-juntos-salud-mental-como-pilar-fundamental-para-pacientes-y-familiares","status":"publish","type":"post","link":"https:\/\/sertv.gob.pa\/crisolfm\/superando-el-cancer-juntos-salud-mental-como-pilar-fundamental-para-pacientes-y-familiares\/","title":{"rendered":"Superando el c\u00e1ncer juntos, salud mental como pilar fundamental para pacientes y familiares"},"content":{"rendered":"<p><strong>En un esfuerzo por concienciar y brindar apoyo a las personas afectadas por el c\u00e1ncer y a sus familias, se realiz\u00f3 una charla educativa titulada \u201cSalud Mental de las Personas con C\u00e1ncer y sus Familiares\u201d en la Zona Libre de Col\u00f3n (ZLC), dirigida a los colaboradores de la zona.<\/strong><\/p>\n<p><strong>La sesi\u00f3n, cont\u00f3 con la presencia de la psiquiatra, Milagro Moya de Albanese, de la Regional de Salud, quien abord\u00f3 temas como: el impacto emocional del c\u00e1ncer, estrategias de afrontamiento y apoyo mutuo, t\u00e9cnicas de autocuidado y manejo del estr\u00e9s, y un taller de arteterapia y meditaci\u00f3n.<\/strong><\/p>\n<p><strong>La doctora Moya, destac\u00f3 que, es fundamental que tanto los pacientes como sus familias reciban apoyo emocional, ya que, la enfermedad afecta el cuerpo humano y genera un impacto significativo en la salud mental, lo que puede provocar ansiedad, depresi\u00f3n y estr\u00e9s durante el tratamiento.<\/strong><\/p>\n<p><strong>Durante la presentaci\u00f3n, la especialista, se\u00f1al\u00f3 las principales dificultades emocionales que pueden enfrentar las personas diagnosticadas con c\u00e1ncer, tales como: el miedo a la muerte, la incertidumbre sobre el futuro y las alteraciones en su calidad de vida. Adem\u00e1s, se presentaron diversas formas en las que los familiares pueden brindar apoyo no solo en t\u00e9rminos f\u00edsicos, sino tambi\u00e9n psicol\u00f3gicos, para ayudar a los pacientes a afrontar su tratamiento de manera m\u00e1s efectiva.<\/strong><\/p>\n<p><strong>La charla incluy\u00f3 t\u00e9cnicas pr\u00e1cticas que los participantes pueden utilizar para manejar el estr\u00e9s, la ansiedad y la depresi\u00f3n asociada al c\u00e1ncer, mediante actividades como la pintura y la clasificaci\u00f3n de colores para equilibrar las emociones. Tambi\u00e9n se habl\u00f3 sobre la importancia del autocuidado y la b\u00fasqueda de apoyo profesional cuando sea necesario. Un aspecto clave se\u00f1alado fue que el primer paso para cuidar la salud mental es reconocer que se necesita ayuda.<\/strong><\/p>\n<p><strong>Para los organizadores, del Departamento de Bienestar Social y del Servidor P\u00fablico, esta jornada tiene como objetivo ofrecer herramientas para gestionar las emociones y los desaf\u00edos psicol\u00f3gicos que surgen durante el proceso de la enfermedad. Asimismo, expresaron su agradecimiento a los participantes por fortalecer su compromiso con la salud integral y el bienestar emocional de sus familias.<\/strong><\/p>\n<p>&nbsp;<\/p>\n<p>Fuente: ZLC \/ ZOLICOL<\/p>\n","protected":false},"excerpt":{"rendered":"<p>En un esfuerzo por concienciar y brindar apoyo a las <a href=\"https:\/\/sertv.gob.pa\/crisolfm\/superando-el-cancer-juntos-salud-mental-como-pilar-fundamental-para-pacientes-y-familiares\/\"> [&#8230;]<\/a><\/p>\n","protected":false},"author":9,"featured_media":66973,"comment_status":"closed","ping_status":"closed","sticky":false,"template":"","format":"standard","meta":{"footnotes":""},"categories":[14],"tags":[],"class_list":["post-66972","post","type-post","status-publish","format-standard","has-post-thumbnail","hentry","category-salud"],"_links":{"self":[{"href":"https:\/\/sertv.gob.pa\/crisolfm\/wp-json\/wp\/v2\/posts\/66972","targetHints":{"allow":["GET"]}}],"collection":[{"href":"https:\/\/sertv.gob.pa\/crisolfm\/wp-json\/wp\/v2\/posts"}],"about":[{"href":"https:\/\/sertv.gob.pa\/crisolfm\/wp-json\/wp\/v2\/types\/post"}],"author":[{"embeddable":true,"href":"https:\/\/sertv.gob.pa\/crisolfm\/wp-json\/wp\/v2\/users\/9"}],"replies":[{"embeddable":true,"href":"https:\/\/sertv.gob.pa\/crisolfm\/wp-json\/wp\/v2\/comments?post=66972"}],"version-history":[{"count":1,"href":"https:\/\/sertv.gob.pa\/crisolfm\/wp-json\/wp\/v2\/posts\/66972\/revisions"}],"predecessor-version":[{"id":66974,"href":"https:\/\/sertv.gob.pa\/crisolfm\/wp-json\/wp\/v2\/posts\/66972\/revisions\/66974"}],"wp:featuredmedia":[{"embeddable":true,"href":"https:\/\/sertv.gob.pa\/crisolfm\/wp-json\/wp\/v2\/media\/66973"}],"wp:attachment":[{"href":"https:\/\/sertv.gob.pa\/crisolfm\/wp-json\/wp\/v2\/media?parent=66972"}],"wp:term":[{"taxonomy":"category","embeddable":true,"href":"https:\/\/sertv.gob.pa\/crisolfm\/wp-json\/wp\/v2\/categories?post=66972"},{"taxonomy":"post_tag","embeddable":true,"href":"https:\/\/sertv.gob.pa\/crisolfm\/wp-json\/wp\/v2\/tags?post=66972"}],"curies":[{"name":"wp","href":"https:\/\/api.w.org\/{rel}","templated":true}]}}