{"id":67008,"date":"2024-11-19T17:31:27","date_gmt":"2024-11-19T17:31:27","guid":{"rendered":"https:\/\/sertv.gob.pa\/crisolfm\/?p=67008"},"modified":"2024-11-19T17:33:09","modified_gmt":"2024-11-19T17:33:09","slug":"minsa-realiza-feria-de-salud-para-adultos-mayores","status":"publish","type":"post","link":"https:\/\/sertv.gob.pa\/crisolfm\/minsa-realiza-feria-de-salud-para-adultos-mayores\/","title":{"rendered":"MINSA realiza feria de salud para adultos mayores"},"content":{"rendered":"<p><em><strong>Por decreto Ley No. 9 de 30 de octubre de 1978, se establece la tercera semana de noviembre, Semana del Adulto Mayor.<\/strong><\/em><\/p>\n<p><em><strong>M\u00e1s de una centena de adultos mayores de 60 a\u00f1os y m\u00e1s, se beneficiaron de esta feria de salud.<\/strong><\/em><\/p>\n<p><em><strong>El Ministerio de Salud de Panam\u00e1 (MINSA), a trav\u00e9s de la Comisi\u00f3n de Envejecimiento Saludable, realiz\u00f3 la feria de salud dirigida a las personas mayores de 60 a\u00f1os, en el marco de la celebraci\u00f3n de la Semana del Adulto Mayor.<\/strong><\/em><\/p>\n<p><em><strong>Diana Varela, jefa de la secci\u00f3n de Adulto Mayor del Ministerio de Salud, manifest\u00f3 que, con una misa el pasado domingo, inici\u00f3 la Semana de Adulto Mayor y contin\u00faa hoy con esta feria de salud, donde m\u00e1s de 100 personas mayores de 60 a\u00f1os recibieron servicios de salud de forma gratuita.<\/strong><\/em><\/p>\n<p><em><strong>Varela, se\u00f1al\u00f3 que, se brindaron servicios como: vacunaci\u00f3n, atenci\u00f3n m\u00e9dica, toma de glicerina, orientaci\u00f3n nutricional, promoci\u00f3n de la salud, orientaci\u00f3n odontol\u00f3gica.<\/strong><\/em><\/p>\n<p><em><strong>Adem\u00e1s, se realizaron ex\u00e1menes de electrocardiograma y densitometr\u00eda \u00f3sea.<\/strong><\/em><\/p>\n<p><em><strong>Varela, indic\u00f3 que, participaron las instituciones que forman parte de la Comisi\u00f3n de Envejecimiento Saludable como: la Caja de Seguro Social, Universidad de Panam\u00e1, Defensor\u00eda del Pueblo, el Ministerio de Desarrollo Social y empresas privadas que ofrecieron sus servicios totalmente gratis.<\/strong><\/em><\/p>\n<p><em><strong>Por Decreto Ley No. 9 de 30 de octubre de 1978, se establece la tercera semana de noviembre como la Semana del Adulto Mayor.<\/strong><\/em><\/p>\n<p>&nbsp;<\/p>\n<p>Fuente: MINSA<\/p>\n","protected":false},"excerpt":{"rendered":"<p>Por decreto Ley No. 9 de 30 de octubre de <a href=\"https:\/\/sertv.gob.pa\/crisolfm\/minsa-realiza-feria-de-salud-para-adultos-mayores\/\"> [&#8230;]<\/a><\/p>\n","protected":false},"author":9,"featured_media":67012,"comment_status":"closed","ping_status":"closed","sticky":false,"template":"","format":"standard","meta":{"footnotes":""},"categories":[14],"tags":[],"class_list":["post-67008","post","type-post","status-publish","format-standard","has-post-thumbnail","hentry","category-salud"],"_links":{"self":[{"href":"https:\/\/sertv.gob.pa\/crisolfm\/wp-json\/wp\/v2\/posts\/67008","targetHints":{"allow":["GET"]}}],"collection":[{"href":"https:\/\/sertv.gob.pa\/crisolfm\/wp-json\/wp\/v2\/posts"}],"about":[{"href":"https:\/\/sertv.gob.pa\/crisolfm\/wp-json\/wp\/v2\/types\/post"}],"author":[{"embeddable":true,"href":"https:\/\/sertv.gob.pa\/crisolfm\/wp-json\/wp\/v2\/users\/9"}],"replies":[{"embeddable":true,"href":"https:\/\/sertv.gob.pa\/crisolfm\/wp-json\/wp\/v2\/comments?post=67008"}],"version-history":[{"count":1,"href":"https:\/\/sertv.gob.pa\/crisolfm\/wp-json\/wp\/v2\/posts\/67008\/revisions"}],"predecessor-version":[{"id":67010,"href":"https:\/\/sertv.gob.pa\/crisolfm\/wp-json\/wp\/v2\/posts\/67008\/revisions\/67010"}],"wp:featuredmedia":[{"embeddable":true,"href":"https:\/\/sertv.gob.pa\/crisolfm\/wp-json\/wp\/v2\/media\/67012"}],"wp:attachment":[{"href":"https:\/\/sertv.gob.pa\/crisolfm\/wp-json\/wp\/v2\/media?parent=67008"}],"wp:term":[{"taxonomy":"category","embeddable":true,"href":"https:\/\/sertv.gob.pa\/crisolfm\/wp-json\/wp\/v2\/categories?post=67008"},{"taxonomy":"post_tag","embeddable":true,"href":"https:\/\/sertv.gob.pa\/crisolfm\/wp-json\/wp\/v2\/tags?post=67008"}],"curies":[{"name":"wp","href":"https:\/\/api.w.org\/{rel}","templated":true}]}}