{"id":67059,"date":"2024-11-20T15:45:12","date_gmt":"2024-11-20T15:45:12","guid":{"rendered":"https:\/\/sertv.gob.pa\/crisolfm\/?p=67059"},"modified":"2024-11-20T15:45:12","modified_gmt":"2024-11-20T15:45:12","slug":"charla-de-salud-mental-para-privadas-de-libertad-en-llano-marin","status":"publish","type":"post","link":"https:\/\/sertv.gob.pa\/crisolfm\/charla-de-salud-mental-para-privadas-de-libertad-en-llano-marin\/","title":{"rendered":"Charla de Salud Mental para Privadas de Libertad en Llano Mar\u00edn"},"content":{"rendered":"<p><strong>Cocl\u00e9,\u00a0<\/strong><\/p>\n<p><strong>El Centro Penitenciario de Llano Mar\u00edn, fue escenario de una significativa iniciativa que coordin\u00f3 la Direcci\u00f3n General del Sistema Penitenciario (DGSP) con el Ministerio de Educaci\u00f3n (MEDUCA), para brindar herramientas y conocimientos sobre salud mental a las mujeres privadas de libertad. Esta actividad, que se llev\u00f3 a cabo\u00a0 en un ambiente de respeto y confidencialidad, tuvo como objetivo principal, sensibilizar a las participantes sobre la importancia del bienestar emocional y psicol\u00f3gico.<\/strong><\/p>\n<p><strong>En este sentido, Eyra Palm, directora en Llano Mar\u00edn, indic\u00f3 que, durante la charla, se expuso temas cruciales como: el manejo del estr\u00e9s, la ansiedad y la depresi\u00f3n, condiciones que frecuentemente, afectan a personas en situaciones de privaci\u00f3n de libertad. Los facilitadores tambi\u00e9n abordaron m\u00e9todos pr\u00e1cticos para enfrentar los desaf\u00edos emocionales y fomentar una actitud positiva ante la vida, a pesar de las circunstancias adversas.<\/strong><\/p>\n<p><strong>Las participantes, al finalizar la actividad, expresaron su agradecimiento por la oportunidad de aprender sobre estas tem\u00e1ticas, resaltando que la salud mental, es un aspecto fundamental en su proceso de reintegraci\u00f3n social.<\/strong><\/p>\n<p>&nbsp;<\/p>\n<p>Fuente: MINGOB<\/p>\n","protected":false},"excerpt":{"rendered":"<p>Cocl\u00e9,\u00a0 El Centro Penitenciario de Llano Mar\u00edn, fue escenario de <a href=\"https:\/\/sertv.gob.pa\/crisolfm\/charla-de-salud-mental-para-privadas-de-libertad-en-llano-marin\/\"> [&#8230;]<\/a><\/p>\n","protected":false},"author":9,"featured_media":67060,"comment_status":"closed","ping_status":"closed","sticky":false,"template":"","format":"standard","meta":{"footnotes":""},"categories":[14],"tags":[],"class_list":["post-67059","post","type-post","status-publish","format-standard","has-post-thumbnail","hentry","category-salud"],"_links":{"self":[{"href":"https:\/\/sertv.gob.pa\/crisolfm\/wp-json\/wp\/v2\/posts\/67059","targetHints":{"allow":["GET"]}}],"collection":[{"href":"https:\/\/sertv.gob.pa\/crisolfm\/wp-json\/wp\/v2\/posts"}],"about":[{"href":"https:\/\/sertv.gob.pa\/crisolfm\/wp-json\/wp\/v2\/types\/post"}],"author":[{"embeddable":true,"href":"https:\/\/sertv.gob.pa\/crisolfm\/wp-json\/wp\/v2\/users\/9"}],"replies":[{"embeddable":true,"href":"https:\/\/sertv.gob.pa\/crisolfm\/wp-json\/wp\/v2\/comments?post=67059"}],"version-history":[{"count":1,"href":"https:\/\/sertv.gob.pa\/crisolfm\/wp-json\/wp\/v2\/posts\/67059\/revisions"}],"predecessor-version":[{"id":67061,"href":"https:\/\/sertv.gob.pa\/crisolfm\/wp-json\/wp\/v2\/posts\/67059\/revisions\/67061"}],"wp:featuredmedia":[{"embeddable":true,"href":"https:\/\/sertv.gob.pa\/crisolfm\/wp-json\/wp\/v2\/media\/67060"}],"wp:attachment":[{"href":"https:\/\/sertv.gob.pa\/crisolfm\/wp-json\/wp\/v2\/media?parent=67059"}],"wp:term":[{"taxonomy":"category","embeddable":true,"href":"https:\/\/sertv.gob.pa\/crisolfm\/wp-json\/wp\/v2\/categories?post=67059"},{"taxonomy":"post_tag","embeddable":true,"href":"https:\/\/sertv.gob.pa\/crisolfm\/wp-json\/wp\/v2\/tags?post=67059"}],"curies":[{"name":"wp","href":"https:\/\/api.w.org\/{rel}","templated":true}]}}