{"id":67182,"date":"2024-11-22T14:37:24","date_gmt":"2024-11-22T14:37:24","guid":{"rendered":"https:\/\/sertv.gob.pa\/crisolfm\/?p=67182"},"modified":"2024-11-22T14:37:24","modified_gmt":"2024-11-22T14:37:24","slug":"comunicado-de-suspension-de-relaciones-diplomaticas-con-la-republica-arabe-saharaui-democratica","status":"publish","type":"post","link":"https:\/\/sertv.gob.pa\/crisolfm\/comunicado-de-suspension-de-relaciones-diplomaticas-con-la-republica-arabe-saharaui-democratica\/","title":{"rendered":"COMUNICADO DE SUSPENSI\u00d3N DE RELACIONES DIPLOM\u00c1TICAS CON LA REP\u00daBLICA \u00c1RABE SAHARAUI DEMOCR\u00c1TICA"},"content":{"rendered":"<p>COMUNICADO DE SUSPENSI\u00d3N DE RELACIONES DIPLOM\u00c1TICAS CON LA REP\u00daBLICA \u00c1RABE SAHARAUI DEMOCR\u00c1TICA<\/p>\n","protected":false},"excerpt":{"rendered":"<p>COMUNICADO DE SUSPENSI\u00d3N DE RELACIONES DIPLOM\u00c1TICAS CON LA REP\u00daBLICA \u00c1RABE <a href=\"https:\/\/sertv.gob.pa\/crisolfm\/comunicado-de-suspension-de-relaciones-diplomaticas-con-la-republica-arabe-saharaui-democratica\/\"> [&#8230;]<\/a><\/p>\n","protected":false},"author":9,"featured_media":67183,"comment_status":"closed","ping_status":"closed","sticky":false,"template":"","format":"standard","meta":{"footnotes":""},"categories":[12],"tags":[],"class_list":["post-67182","post","type-post","status-publish","format-standard","has-post-thumbnail","hentry","category-nacionales"],"_links":{"self":[{"href":"https:\/\/sertv.gob.pa\/crisolfm\/wp-json\/wp\/v2\/posts\/67182","targetHints":{"allow":["GET"]}}],"collection":[{"href":"https:\/\/sertv.gob.pa\/crisolfm\/wp-json\/wp\/v2\/posts"}],"about":[{"href":"https:\/\/sertv.gob.pa\/crisolfm\/wp-json\/wp\/v2\/types\/post"}],"author":[{"embeddable":true,"href":"https:\/\/sertv.gob.pa\/crisolfm\/wp-json\/wp\/v2\/users\/9"}],"replies":[{"embeddable":true,"href":"https:\/\/sertv.gob.pa\/crisolfm\/wp-json\/wp\/v2\/comments?post=67182"}],"version-history":[{"count":1,"href":"https:\/\/sertv.gob.pa\/crisolfm\/wp-json\/wp\/v2\/posts\/67182\/revisions"}],"predecessor-version":[{"id":67184,"href":"https:\/\/sertv.gob.pa\/crisolfm\/wp-json\/wp\/v2\/posts\/67182\/revisions\/67184"}],"wp:featuredmedia":[{"embeddable":true,"href":"https:\/\/sertv.gob.pa\/crisolfm\/wp-json\/wp\/v2\/media\/67183"}],"wp:attachment":[{"href":"https:\/\/sertv.gob.pa\/crisolfm\/wp-json\/wp\/v2\/media?parent=67182"}],"wp:term":[{"taxonomy":"category","embeddable":true,"href":"https:\/\/sertv.gob.pa\/crisolfm\/wp-json\/wp\/v2\/categories?post=67182"},{"taxonomy":"post_tag","embeddable":true,"href":"https:\/\/sertv.gob.pa\/crisolfm\/wp-json\/wp\/v2\/tags?post=67182"}],"curies":[{"name":"wp","href":"https:\/\/api.w.org\/{rel}","templated":true}]}}