{"id":67197,"date":"2024-11-22T16:34:13","date_gmt":"2024-11-22T16:34:13","guid":{"rendered":"https:\/\/sertv.gob.pa\/crisolfm\/?p=67197"},"modified":"2024-11-22T16:34:13","modified_gmt":"2024-11-22T16:34:13","slug":"sinusitis-afeccion-respiratoria-producida-por-infeccion-viral","status":"publish","type":"post","link":"https:\/\/sertv.gob.pa\/crisolfm\/sinusitis-afeccion-respiratoria-producida-por-infeccion-viral\/","title":{"rendered":"Sinusitis afecci\u00f3n respiratoria producida por infecci\u00f3n viral"},"content":{"rendered":"<p><strong>La sinusitis es una afecci\u00f3n com\u00fan que se presenta cuando los tejidos que recubren los senos paranasales se inflaman, lo que puede causar s\u00edntomas muy molestos.<\/strong><\/p>\n<p><strong>\u201cAfecta a millones de personas en todo el mundo, causando molestias significativas y, en algunos casos, complicaciones graves\u201d, indic\u00f3 el doctor Leonel Quiel Alba, otorrinolaring\u00f3logo de la Policl\u00ednica Dr. Jos\u00e9 Joaqu\u00edn Vallarino Z., en Juan D\u00edaz.<\/strong><\/p>\n<p><strong>Explic\u00f3 que, esta condici\u00f3n puede ser aguda o cr\u00f3nica y se presenta com\u00fanmente despu\u00e9s de un resfriado o como consecuencia de alergias. Ambas formas requieren atenci\u00f3n m\u00e9dica para asegurar un tratamiento adecuado y minimizar el riesgo de complicaciones.<\/strong><\/p>\n<p><strong>Se considera aguda cuando el tiempo de evoluci\u00f3n es menor de tres semanas; subaguda, cuando los s\u00edntomas persisten entre tres semanas y tres meses; y cr\u00f3nica, cuando la duraci\u00f3n de la enfermedad es mayor a tres meses.<\/strong><\/p>\n<p><strong>Los s\u00edntomas incluyen congesti\u00f3n nasal, dolor facial, secreci\u00f3n nasal, tos, fiebre, y puede estar causada por infecciones virales, bacterianas, al\u00e9rgicas o irritantes ambientales.<\/strong><\/p>\n<p><strong>El doctor Quiel Alba, se\u00f1al\u00f3 que, estos s\u00edntomas, pueden afectar gravemente la calidad de vida de quienes la padecen, interfiriendo con el sue\u00f1o, el trabajo y las actividades diarias.<\/strong><\/p>\n<p><strong>Adem\u00e1s, la sinusitis cr\u00f3nica, puede tener un impacto emocional considerable, aumentando el riesgo de ansiedad y depresi\u00f3n en los pacientes. En casos m\u00e1s severos, puede llevar a complicaciones como infecciones de o\u00eddo, meningitis o infecci\u00f3n en los ojos, a\u00f1adi\u00f3.<\/strong><\/p>\n<p><strong>El otorrinolaring\u00f3logo, agreg\u00f3 que, esta condici\u00f3n puede afectar a una amplia variedad de personas, pero ciertos grupos son m\u00e1s vulnerables, como aquellos con antecedentes de alergias, asma, infecciones respiratorias frecuentes o anomal\u00edas estructurales nasales. Tambi\u00e9n las personas expuestas a irritantes ambientales, como: el humo del tabaco o la contaminaci\u00f3n del aire, tienen un mayor riesgo de desarrollar esta afecci\u00f3n.<\/strong><\/p>\n<p><strong>Su diagn\u00f3stico se realiza a trav\u00e9s de un examen f\u00edsico y la revisi\u00f3n de los s\u00edntomas del paciente. En algunos casos, se pueden realizar an\u00e1lisis adicionales, como: radiograf\u00edas o una tomograf\u00eda computarizada (TC), para evaluar la extensi\u00f3n de la inflamaci\u00f3n y descartar otras condiciones. Tambi\u00e9n se pueden realizar pruebas al\u00e9rgicas para determinar si las alergias contribuyen a la sinusitis cr\u00f3nica.<\/strong><\/p>\n<p><strong>Por \u00faltimo, el especialista, recomend\u00f3 que, para prevenir la sinusitis, se debe comenzar con el cuidado de la salud respiratoria. Adoptar medidas de higiene adecuadas, como: lavarse las manos con regularidad y evitar el contacto cercano con personas enfermas, puede ayudar a reducir el riesgo de infecciones.<\/strong><\/p>\n<p><strong>Adem\u00e1s, mantener un ambiente limpio y libre de al\u00e9rgenos, as\u00ed como utilizar humidificadores en climas secos, puede ayudar a reducir el riesgo de desarrollar sinusitis.<\/strong><\/p>\n<p><strong> Es importante que las personas con enfermedades respiratorias preexistentes, como: el asma, sigan un plan de manejo adecuado para evitar complicaciones.<\/strong><\/p>\n<p>&nbsp;<\/p>\n<p>Fuente: CSS<\/p>\n","protected":false},"excerpt":{"rendered":"<p>La sinusitis es una afecci\u00f3n com\u00fan que se presenta cuando <a href=\"https:\/\/sertv.gob.pa\/crisolfm\/sinusitis-afeccion-respiratoria-producida-por-infeccion-viral\/\"> [&#8230;]<\/a><\/p>\n","protected":false},"author":9,"featured_media":67198,"comment_status":"closed","ping_status":"closed","sticky":false,"template":"","format":"standard","meta":{"footnotes":""},"categories":[14],"tags":[],"class_list":["post-67197","post","type-post","status-publish","format-standard","has-post-thumbnail","hentry","category-salud"],"_links":{"self":[{"href":"https:\/\/sertv.gob.pa\/crisolfm\/wp-json\/wp\/v2\/posts\/67197","targetHints":{"allow":["GET"]}}],"collection":[{"href":"https:\/\/sertv.gob.pa\/crisolfm\/wp-json\/wp\/v2\/posts"}],"about":[{"href":"https:\/\/sertv.gob.pa\/crisolfm\/wp-json\/wp\/v2\/types\/post"}],"author":[{"embeddable":true,"href":"https:\/\/sertv.gob.pa\/crisolfm\/wp-json\/wp\/v2\/users\/9"}],"replies":[{"embeddable":true,"href":"https:\/\/sertv.gob.pa\/crisolfm\/wp-json\/wp\/v2\/comments?post=67197"}],"version-history":[{"count":1,"href":"https:\/\/sertv.gob.pa\/crisolfm\/wp-json\/wp\/v2\/posts\/67197\/revisions"}],"predecessor-version":[{"id":67199,"href":"https:\/\/sertv.gob.pa\/crisolfm\/wp-json\/wp\/v2\/posts\/67197\/revisions\/67199"}],"wp:featuredmedia":[{"embeddable":true,"href":"https:\/\/sertv.gob.pa\/crisolfm\/wp-json\/wp\/v2\/media\/67198"}],"wp:attachment":[{"href":"https:\/\/sertv.gob.pa\/crisolfm\/wp-json\/wp\/v2\/media?parent=67197"}],"wp:term":[{"taxonomy":"category","embeddable":true,"href":"https:\/\/sertv.gob.pa\/crisolfm\/wp-json\/wp\/v2\/categories?post=67197"},{"taxonomy":"post_tag","embeddable":true,"href":"https:\/\/sertv.gob.pa\/crisolfm\/wp-json\/wp\/v2\/tags?post=67197"}],"curies":[{"name":"wp","href":"https:\/\/api.w.org\/{rel}","templated":true}]}}