{"id":6722,"date":"2016-11-17T16:07:38","date_gmt":"2016-11-17T16:07:38","guid":{"rendered":""},"modified":"2016-11-17T16:07:38","modified_gmt":"2016-11-17T16:07:38","slug":"costa-de-marfil-y-costa-rica-firman-acuerdo-en-favor-de-la-deforestacion","status":"publish","type":"post","link":"https:\/\/sertv.gob.pa\/crisolfm\/costa-de-marfil-y-costa-rica-firman-acuerdo-en-favor-de-la-deforestacion\/","title":{"rendered":"Costa de Marfil y Costa Rica firman acuerdo en favor de la deforestaci\u00f3n"},"content":{"rendered":"<p>\nLas delegaciones de Costa Rica y Costa de Marfil firmaron un memorando de entendimiento para compartir la experiencia costarricense en materia de manejo de bosques y el mecanismo de Pago por Servicios Ambientales (PSA) para ayudar a revertir el proceso de deforestaci\u00f3n. <\/p>\n<p>El acuerdo fue firmado en el marco de la Cumbre Clim\u00e1tica COP22 que se realiza en Marrakech, Marruecos, donde se cont\u00f3 con la participaci\u00f3n del ministro de Ambiente de Costa Rica, Edgar Guti\u00e9rrez, y del su hom\u00f3logo de Costa de Marfil, R\u00e9mi Allah Kouadio. <\/p>\n<p>Seg\u00fan detall\u00f3 el Ministerio de Ambiente de Costa Rica, el acuerdo permitir\u00e1 desarrollar la cooperaci\u00f3n sur-sur entre ambas naciones en el tema de cambio clim\u00e1tico y bosques, con el prop\u00f3sito tambi\u00e9n de reforzar y acelerar las estrategias derivadas del Plan Nacional de Desarrollo Forestal y el Programa de Bosques y Desarrollo Rural. <\/p>\n<p>Para el ministro Kouadio, la experiencia de Costa Rica en el PSA representa una esperanza para Costa de Marfil por su \u00e9xito en revertir la deforestaci\u00f3n. Este pa\u00eds es el principal productor de cacao en el mundo, pero igualmente ha perdido el 90% de sus bosques, por lo que su actividad requiere garantizar la protecci\u00f3n de los bosques y los servicios ambientales. <\/p>\n<p>Guti\u00e9rrez asegur\u00f3 que la situaci\u00f3n de Costa de Marfil es similar a la que mostraba Costa Rica hace 40 a\u00f1os <\/p>\n<p>\u00a0 <\/p>\n","protected":false},"excerpt":{"rendered":"<p>Las delegaciones de Costa Rica y Costa de Marfil firmaron <a href=\"https:\/\/sertv.gob.pa\/crisolfm\/costa-de-marfil-y-costa-rica-firman-acuerdo-en-favor-de-la-deforestacion\/\"> [&#8230;]<\/a><\/p>\n","protected":false},"author":1,"featured_media":6723,"comment_status":"closed","ping_status":"closed","sticky":false,"template":"","format":"standard","meta":{"footnotes":""},"categories":[7],"tags":[],"class_list":["post-6722","post","type-post","status-publish","format-standard","has-post-thumbnail","hentry","category-ecologicas"],"_links":{"self":[{"href":"https:\/\/sertv.gob.pa\/crisolfm\/wp-json\/wp\/v2\/posts\/6722","targetHints":{"allow":["GET"]}}],"collection":[{"href":"https:\/\/sertv.gob.pa\/crisolfm\/wp-json\/wp\/v2\/posts"}],"about":[{"href":"https:\/\/sertv.gob.pa\/crisolfm\/wp-json\/wp\/v2\/types\/post"}],"author":[{"embeddable":true,"href":"https:\/\/sertv.gob.pa\/crisolfm\/wp-json\/wp\/v2\/users\/1"}],"replies":[{"embeddable":true,"href":"https:\/\/sertv.gob.pa\/crisolfm\/wp-json\/wp\/v2\/comments?post=6722"}],"version-history":[{"count":0,"href":"https:\/\/sertv.gob.pa\/crisolfm\/wp-json\/wp\/v2\/posts\/6722\/revisions"}],"wp:featuredmedia":[{"embeddable":true,"href":"https:\/\/sertv.gob.pa\/crisolfm\/wp-json\/wp\/v2\/media\/6723"}],"wp:attachment":[{"href":"https:\/\/sertv.gob.pa\/crisolfm\/wp-json\/wp\/v2\/media?parent=6722"}],"wp:term":[{"taxonomy":"category","embeddable":true,"href":"https:\/\/sertv.gob.pa\/crisolfm\/wp-json\/wp\/v2\/categories?post=6722"},{"taxonomy":"post_tag","embeddable":true,"href":"https:\/\/sertv.gob.pa\/crisolfm\/wp-json\/wp\/v2\/tags?post=6722"}],"curies":[{"name":"wp","href":"https:\/\/api.w.org\/{rel}","templated":true}]}}