{"id":67274,"date":"2024-11-25T18:26:28","date_gmt":"2024-11-25T18:26:28","guid":{"rendered":"https:\/\/sertv.gob.pa\/crisolfm\/?p=67274"},"modified":"2024-11-25T18:26:28","modified_gmt":"2024-11-25T18:26:28","slug":"ministro-de-salud-aborda-temas-sobre-enfermedades-cronicas-en-la-provincia-de-cocle","status":"publish","type":"post","link":"https:\/\/sertv.gob.pa\/crisolfm\/ministro-de-salud-aborda-temas-sobre-enfermedades-cronicas-en-la-provincia-de-cocle\/","title":{"rendered":"Ministro de Salud aborda temas sobre enfermedades cr\u00f3nicas en la provincia de Cocl\u00e9"},"content":{"rendered":"<p><strong>El ministro de Salud de Panam\u00e1, Fernando Boy Galindo, llev\u00f3 a cabo una gira a la provincia de Cocl\u00e9, en la que se reuni\u00f3 con el equipo regional de salud, para abordar temas sobre, la situaci\u00f3n actual de la enfermedad renal cr\u00f3nica en la provincia, la posible reapertura de la Cl\u00ednica de Salud Renal en el Hospital Aquilino Tejeira, los estad\u00edos de la enfermedad del a\u00f1o 2019 al 2023, el enfoque multidisciplinario hacia la prevenci\u00f3n, los servicios externalizados que se ofrecen en la Cl\u00ednica de Penonom\u00e9 y R\u00edo Hato.<\/strong><\/p>\n<p><strong>De igual manera, el jefe de la cartera de salud, particip\u00f3 en la sesi\u00f3n del consejo provincial, en la que escuch\u00f3 las solicitudes de los concejales, enfocadas en mejorar el sistema de salud p\u00fablico, como nuevas ambulancias, giras m\u00e9dicas, reapertura de los puestos de salud, terminaci\u00f3n de proyectos de infraestructura, entre otras.<\/strong><\/p>\n<p><strong>En respuesta a los temas planteados, el ministro Boyd Galindo, se\u00f1al\u00f3 que, est\u00e1 claro en la necesidad de optimizar los servicios de salud de manera integral, que apuesta a la telemedicina; ya que es importante, crear un expediente \u00fanico del paciente, donde se integran el MINSA, Caja de Seguro Social(CSS) e incluso el sector privado.<\/strong><\/p>\n<p><strong>Tambi\u00e9n, les dio la primicia, que posiblemente la pr\u00f3xima semana, se estar\u00e1 inaugurando el tan anhelado Centro Materno Infantil de Tambo, que todas las unidades de salud, se van a ir reparando para darle a la poblaci\u00f3n una buena calidad en el servicio.<\/strong><\/p>\n<p><strong>Por otro lado, expuso a los honorables representantes de corregimientos, el proyecto de Ley que modifica la Ley org\u00e1nica de la CSS.<\/strong><\/p>\n<p><strong>En dicha sesi\u00f3n, los siete representantes y la alcaldesa del distrito de La Pintada, entregaron al ministro, los planos del terreno, donde se construir\u00e1 el nuevo Centro Materno Infantil de La Pintada.<\/strong><\/p>\n<p>&nbsp;<\/p>\n<p>Fuente: MINSA<\/p>\n","protected":false},"excerpt":{"rendered":"<p>El ministro de Salud de Panam\u00e1, Fernando Boy Galindo, llev\u00f3 <a href=\"https:\/\/sertv.gob.pa\/crisolfm\/ministro-de-salud-aborda-temas-sobre-enfermedades-cronicas-en-la-provincia-de-cocle\/\"> [&#8230;]<\/a><\/p>\n","protected":false},"author":9,"featured_media":67275,"comment_status":"closed","ping_status":"closed","sticky":false,"template":"","format":"standard","meta":{"footnotes":""},"categories":[14],"tags":[],"class_list":["post-67274","post","type-post","status-publish","format-standard","has-post-thumbnail","hentry","category-salud"],"_links":{"self":[{"href":"https:\/\/sertv.gob.pa\/crisolfm\/wp-json\/wp\/v2\/posts\/67274","targetHints":{"allow":["GET"]}}],"collection":[{"href":"https:\/\/sertv.gob.pa\/crisolfm\/wp-json\/wp\/v2\/posts"}],"about":[{"href":"https:\/\/sertv.gob.pa\/crisolfm\/wp-json\/wp\/v2\/types\/post"}],"author":[{"embeddable":true,"href":"https:\/\/sertv.gob.pa\/crisolfm\/wp-json\/wp\/v2\/users\/9"}],"replies":[{"embeddable":true,"href":"https:\/\/sertv.gob.pa\/crisolfm\/wp-json\/wp\/v2\/comments?post=67274"}],"version-history":[{"count":1,"href":"https:\/\/sertv.gob.pa\/crisolfm\/wp-json\/wp\/v2\/posts\/67274\/revisions"}],"predecessor-version":[{"id":67276,"href":"https:\/\/sertv.gob.pa\/crisolfm\/wp-json\/wp\/v2\/posts\/67274\/revisions\/67276"}],"wp:featuredmedia":[{"embeddable":true,"href":"https:\/\/sertv.gob.pa\/crisolfm\/wp-json\/wp\/v2\/media\/67275"}],"wp:attachment":[{"href":"https:\/\/sertv.gob.pa\/crisolfm\/wp-json\/wp\/v2\/media?parent=67274"}],"wp:term":[{"taxonomy":"category","embeddable":true,"href":"https:\/\/sertv.gob.pa\/crisolfm\/wp-json\/wp\/v2\/categories?post=67274"},{"taxonomy":"post_tag","embeddable":true,"href":"https:\/\/sertv.gob.pa\/crisolfm\/wp-json\/wp\/v2\/tags?post=67274"}],"curies":[{"name":"wp","href":"https:\/\/api.w.org\/{rel}","templated":true}]}}