{"id":6738,"date":"2016-11-18T16:24:00","date_gmt":"2016-11-18T16:24:00","guid":{"rendered":""},"modified":"2016-11-18T16:24:00","modified_gmt":"2016-11-18T16:24:00","slug":"la-lucha-contra-el-cambio-climatico-esta-a-salvo-de-trump","status":"publish","type":"post","link":"https:\/\/sertv.gob.pa\/crisolfm\/la-lucha-contra-el-cambio-climatico-esta-a-salvo-de-trump\/","title":{"rendered":"La lucha contra el cambio clim\u00e1tico est\u00e1 a salvo de Trump"},"content":{"rendered":"<p>\nEl portavoz de cambio clim\u00e1tico de WWF, Manuel Pulgar Vidal, indic\u00f3 hoy que la voluntad internacional de luchar contra el cambio clim\u00e1tico es \u00abs\u00f3lida y est\u00e1 ya consolidada\u00bb, por lo que queda a salvo de las decisiones que pueda tomar el presidente electo estadounidense, Donald Trump. <\/p>\n<p>El exministro peruano de Medio Ambiente, Pulgar Vidal fue una de las personas claves en la consecuci\u00f3n del Acuerdo de Par\u00eds el pasado a\u00f1o, como presidente de la cumbre del clima anterior, que se realiz\u00f3 en Lima en 2015 (COP20), y como mano derecha del ministro franc\u00e9s que presidi\u00f3 la COP21, Laurent Fabius, para alcanzar el Acuerdo de Par\u00eds. <\/p>\n<p>En una entrevista con Efe mantenida en la cumbre de Marrakech, Pulgar reflexion\u00f3 sobre el hecho de que un negacionista del cambio clim\u00e1tico vaya a ocupar la Casa Blanca los pr\u00f3ximos cuatro a\u00f1os: \u00absoy optimista, pueden haber coyunturas dif\u00edciles pero no se puede ir en contra de lo que nos dice la ciencia\u00bb. <\/p>\n<p>\u00abLa lucha contra el cambio clim\u00e1tico ha alcanzado una solidez y un esp\u00edritu colectivo mediante el Acuerdo de Par\u00eds, que es dif\u00edcil que se pierda porque ha supuesto un esfuerzo muy grande de todos los sectores\u00bb, destac\u00f3. <\/p>\n<p>Pulgar cit\u00f3 las palabras del presidente franc\u00e9s, Fran\u00e7ois Hollande, el pasado martes en Marrakech para confirmar el mensaje de consenso que Gobiernos y sociedad civil est\u00e1n dando en esta ciudad marroqu\u00ed de que el Acuerdo de Par\u00eds \u00abes irreversible\u00bb. <\/p>\n<p>\u00abEl debate no est\u00e1 en volver atr\u00e1s, est\u00e1 en c\u00f3mo una ley global, como es ese pacto, va a materializarse a nivel dom\u00e9stico de los pa\u00edses, las regiones y las ciudades\u00bb, manifest\u00f3 el portavoz de WWF. <\/p>\n<p>\u00abLo m\u00e1s importante ahora y por lo que vamos a presionar desde la sociedad civil es qu\u00e9 pasa en relaci\u00f3n al refuerzo de la acci\u00f3n clim\u00e1tica, c\u00f3mo empujamos a los gobiernos a definir metas ambiciosas en ese sentido\u00bb, subray\u00f3. <\/p>\n<p>\u00a0 <\/p>\n","protected":false},"excerpt":{"rendered":"<p>El portavoz de cambio clim\u00e1tico de WWF, Manuel Pulgar Vidal, <a href=\"https:\/\/sertv.gob.pa\/crisolfm\/la-lucha-contra-el-cambio-climatico-esta-a-salvo-de-trump\/\"> [&#8230;]<\/a><\/p>\n","protected":false},"author":1,"featured_media":6739,"comment_status":"closed","ping_status":"closed","sticky":false,"template":"","format":"standard","meta":{"footnotes":""},"categories":[7],"tags":[],"class_list":["post-6738","post","type-post","status-publish","format-standard","has-post-thumbnail","hentry","category-ecologicas"],"_links":{"self":[{"href":"https:\/\/sertv.gob.pa\/crisolfm\/wp-json\/wp\/v2\/posts\/6738","targetHints":{"allow":["GET"]}}],"collection":[{"href":"https:\/\/sertv.gob.pa\/crisolfm\/wp-json\/wp\/v2\/posts"}],"about":[{"href":"https:\/\/sertv.gob.pa\/crisolfm\/wp-json\/wp\/v2\/types\/post"}],"author":[{"embeddable":true,"href":"https:\/\/sertv.gob.pa\/crisolfm\/wp-json\/wp\/v2\/users\/1"}],"replies":[{"embeddable":true,"href":"https:\/\/sertv.gob.pa\/crisolfm\/wp-json\/wp\/v2\/comments?post=6738"}],"version-history":[{"count":0,"href":"https:\/\/sertv.gob.pa\/crisolfm\/wp-json\/wp\/v2\/posts\/6738\/revisions"}],"wp:featuredmedia":[{"embeddable":true,"href":"https:\/\/sertv.gob.pa\/crisolfm\/wp-json\/wp\/v2\/media\/6739"}],"wp:attachment":[{"href":"https:\/\/sertv.gob.pa\/crisolfm\/wp-json\/wp\/v2\/media?parent=6738"}],"wp:term":[{"taxonomy":"category","embeddable":true,"href":"https:\/\/sertv.gob.pa\/crisolfm\/wp-json\/wp\/v2\/categories?post=6738"},{"taxonomy":"post_tag","embeddable":true,"href":"https:\/\/sertv.gob.pa\/crisolfm\/wp-json\/wp\/v2\/tags?post=6738"}],"curies":[{"name":"wp","href":"https:\/\/api.w.org\/{rel}","templated":true}]}}