{"id":67467,"date":"2024-11-29T17:31:29","date_gmt":"2024-11-29T17:31:29","guid":{"rendered":"https:\/\/sertv.gob.pa\/crisolfm\/?p=67467"},"modified":"2024-11-29T17:31:29","modified_gmt":"2024-11-29T17:31:29","slug":"control-de-vectores-realiza-fuertes-operativos-para-prevenir-casos-de-malaria-en-el-area-norte-de-veraguas","status":"publish","type":"post","link":"https:\/\/sertv.gob.pa\/crisolfm\/control-de-vectores-realiza-fuertes-operativos-para-prevenir-casos-de-malaria-en-el-area-norte-de-veraguas\/","title":{"rendered":"Control de Vectores realiza fuertes operativos para prevenir casos de Malaria en el \u00e1rea norte de Veraguas"},"content":{"rendered":"<p><strong>El Departamento de Control de Vectores y Epidemiologia Regional de la provincia de Veraguas, se mantiene realizando fuertes operativos preventivos y monitoreos contra la Malaria, en el distrito de Santa F\u00e9, especialmente en comunidades de R\u00edo Luis y Calovebora. Actualmente se reportan 328 casos de Malaria en la provincia, por lo que se han redoblado esfuerzos para prevenir nuevos casos.<\/strong><\/p>\n<p><strong>Edward Cruz inspector de Control de Vectores explic\u00f3 que durante estos d\u00edas se est\u00e1 trabajando en las localidades de Barrera y San Antonio en el norte de R\u00edo Concepci\u00f3n, debido al aumento de casos de Malaria en las \u00faltimas semanas, por lo que se habilit\u00f3 un equipo de apoy\u00f3 para realizar las nebulizaciones nocturnas, cumpliendo los tres ciclos de trabajo. Cruz destac\u00f3 que se esta trabajando a pesar de la condiciones clim\u00e1ticas del \u00e1rea.<\/strong><\/p>\n<p><strong>Se ha logrado nebulizar m\u00e1s de 107 viviendas, iglesias, escuelas y \u00e1reas verdes, adicional se est\u00e1 brindando docencia y recomendaciones a la poblaci\u00f3n en general para prevenir nuevos casos, se ha mantenido una estrecha colaboraci\u00f3n con los docentes del \u00e1rea para unificar esfuerzos enfocadas en la prevenci\u00f3n de enfermedades.<\/strong><\/p>\n<p><strong>Cabe destacar que autoridades regionales han realizado acercamiento con los gobiernos locales, l\u00edderes comunitarios y representantes ind\u00edgenas con el objetivo de informarles la situaci\u00f3n actual de Malaria en esta regi\u00f3n del pa\u00eds y trabajar mancomunadame para prevenir un mayor incremento de casos.<\/strong><\/p>\n<p>&nbsp;<\/p>\n<p>Fuente: MINSA<\/p>\n","protected":false},"excerpt":{"rendered":"<p>El Departamento de Control de Vectores y Epidemiologia Regional de <a href=\"https:\/\/sertv.gob.pa\/crisolfm\/control-de-vectores-realiza-fuertes-operativos-para-prevenir-casos-de-malaria-en-el-area-norte-de-veraguas\/\"> [&#8230;]<\/a><\/p>\n","protected":false},"author":9,"featured_media":67468,"comment_status":"closed","ping_status":"closed","sticky":false,"template":"","format":"standard","meta":{"footnotes":""},"categories":[14],"tags":[],"class_list":["post-67467","post","type-post","status-publish","format-standard","has-post-thumbnail","hentry","category-salud"],"_links":{"self":[{"href":"https:\/\/sertv.gob.pa\/crisolfm\/wp-json\/wp\/v2\/posts\/67467","targetHints":{"allow":["GET"]}}],"collection":[{"href":"https:\/\/sertv.gob.pa\/crisolfm\/wp-json\/wp\/v2\/posts"}],"about":[{"href":"https:\/\/sertv.gob.pa\/crisolfm\/wp-json\/wp\/v2\/types\/post"}],"author":[{"embeddable":true,"href":"https:\/\/sertv.gob.pa\/crisolfm\/wp-json\/wp\/v2\/users\/9"}],"replies":[{"embeddable":true,"href":"https:\/\/sertv.gob.pa\/crisolfm\/wp-json\/wp\/v2\/comments?post=67467"}],"version-history":[{"count":1,"href":"https:\/\/sertv.gob.pa\/crisolfm\/wp-json\/wp\/v2\/posts\/67467\/revisions"}],"predecessor-version":[{"id":67469,"href":"https:\/\/sertv.gob.pa\/crisolfm\/wp-json\/wp\/v2\/posts\/67467\/revisions\/67469"}],"wp:featuredmedia":[{"embeddable":true,"href":"https:\/\/sertv.gob.pa\/crisolfm\/wp-json\/wp\/v2\/media\/67468"}],"wp:attachment":[{"href":"https:\/\/sertv.gob.pa\/crisolfm\/wp-json\/wp\/v2\/media?parent=67467"}],"wp:term":[{"taxonomy":"category","embeddable":true,"href":"https:\/\/sertv.gob.pa\/crisolfm\/wp-json\/wp\/v2\/categories?post=67467"},{"taxonomy":"post_tag","embeddable":true,"href":"https:\/\/sertv.gob.pa\/crisolfm\/wp-json\/wp\/v2\/tags?post=67467"}],"curies":[{"name":"wp","href":"https:\/\/api.w.org\/{rel}","templated":true}]}}