{"id":67527,"date":"2024-12-02T16:02:51","date_gmt":"2024-12-02T16:02:51","guid":{"rendered":"https:\/\/sertv.gob.pa\/crisolfm\/?p=67527"},"modified":"2024-12-02T16:02:51","modified_gmt":"2024-12-02T16:02:51","slug":"regional-de-colon-hace-caminata-en-el-dia-de-la-lucha-contra-el-vih","status":"publish","type":"post","link":"https:\/\/sertv.gob.pa\/crisolfm\/regional-de-colon-hace-caminata-en-el-dia-de-la-lucha-contra-el-vih\/","title":{"rendered":"Regional de Col\u00f3n hace caminata en el d\u00eda de la lucha contra el VIH"},"content":{"rendered":"<p><strong>Con ejercicios al aire libre y una caminata por las calles de la ciudad de Col\u00f3n, la Regi\u00f3n de salud de esta provincia, desarroll\u00f3 este domingo 1 de diciembre, una actividad dirigida a la prevenci\u00f3n de la enfermedad del VIH\/Sida, con el lema: \u201cUna generaci\u00f3n sin VIH\u201d.<\/strong><\/p>\n<p><strong>La actividad comunitaria, inici\u00f3 en la entrada del corredor de la ciudad de Col\u00f3n, con los ejercicios f\u00edsicos de los participantes, para proseguir con la caminata que abarc\u00f3 toda la avenida Central y culmin\u00f3 en la calle 12, en la que se efectuaron orientaciones de prevenci\u00f3n con los transe\u00fantes en el tema y pruebas de VIH gratuitos.<\/strong><\/p>\n<p><strong>Nancy Torres, directora regional del MINSA\/Col\u00f3n, manifest\u00f3 que, esto busca crear concienciaci\u00f3n y prevenci\u00f3n en las personas, para que modifiquen su conducta sexual.<\/strong><\/p>\n<p><strong>En tanto, el Dr. V\u00edctor Pe\u00f1afiel, del Programa de VIH\/Sida del MINSA\/Col\u00f3n,\u00a0 se\u00f1al\u00f3 que, las pruebas para la detecci\u00f3n del VIH, buscan crear conciencia en las personas y hacer el diagn\u00f3stico a tiempo para prevenir esta infecci\u00f3n.<\/strong><\/p>\n<p><strong>Participaron m\u00e1s de 300 personas en la que estuvieron entidades de la junta t\u00e9cnica, universidades, ONG, interesados en la lucha contra el VIH\/SIDA.<\/strong><\/p>\n<p>&nbsp;<\/p>\n<p>Fuente: MINSA<\/p>\n","protected":false},"excerpt":{"rendered":"<p>Con ejercicios al aire libre y una caminata por las <a href=\"https:\/\/sertv.gob.pa\/crisolfm\/regional-de-colon-hace-caminata-en-el-dia-de-la-lucha-contra-el-vih\/\"> [&#8230;]<\/a><\/p>\n","protected":false},"author":9,"featured_media":67528,"comment_status":"closed","ping_status":"closed","sticky":false,"template":"","format":"standard","meta":{"footnotes":""},"categories":[14],"tags":[],"class_list":["post-67527","post","type-post","status-publish","format-standard","has-post-thumbnail","hentry","category-salud"],"_links":{"self":[{"href":"https:\/\/sertv.gob.pa\/crisolfm\/wp-json\/wp\/v2\/posts\/67527","targetHints":{"allow":["GET"]}}],"collection":[{"href":"https:\/\/sertv.gob.pa\/crisolfm\/wp-json\/wp\/v2\/posts"}],"about":[{"href":"https:\/\/sertv.gob.pa\/crisolfm\/wp-json\/wp\/v2\/types\/post"}],"author":[{"embeddable":true,"href":"https:\/\/sertv.gob.pa\/crisolfm\/wp-json\/wp\/v2\/users\/9"}],"replies":[{"embeddable":true,"href":"https:\/\/sertv.gob.pa\/crisolfm\/wp-json\/wp\/v2\/comments?post=67527"}],"version-history":[{"count":1,"href":"https:\/\/sertv.gob.pa\/crisolfm\/wp-json\/wp\/v2\/posts\/67527\/revisions"}],"predecessor-version":[{"id":67529,"href":"https:\/\/sertv.gob.pa\/crisolfm\/wp-json\/wp\/v2\/posts\/67527\/revisions\/67529"}],"wp:featuredmedia":[{"embeddable":true,"href":"https:\/\/sertv.gob.pa\/crisolfm\/wp-json\/wp\/v2\/media\/67528"}],"wp:attachment":[{"href":"https:\/\/sertv.gob.pa\/crisolfm\/wp-json\/wp\/v2\/media?parent=67527"}],"wp:term":[{"taxonomy":"category","embeddable":true,"href":"https:\/\/sertv.gob.pa\/crisolfm\/wp-json\/wp\/v2\/categories?post=67527"},{"taxonomy":"post_tag","embeddable":true,"href":"https:\/\/sertv.gob.pa\/crisolfm\/wp-json\/wp\/v2\/tags?post=67527"}],"curies":[{"name":"wp","href":"https:\/\/api.w.org\/{rel}","templated":true}]}}