{"id":6756,"date":"2016-11-21T19:48:33","date_gmt":"2016-11-21T19:48:33","guid":{"rendered":""},"modified":"2016-11-21T19:48:33","modified_gmt":"2016-11-21T19:48:33","slug":"alerta-amarilla-para-chiriqui-bocas-veraguas-ngaebe-bugle-y-colon","status":"publish","type":"post","link":"https:\/\/sertv.gob.pa\/crisolfm\/alerta-amarilla-para-chiriqui-bocas-veraguas-ngaebe-bugle-y-colon\/","title":{"rendered":"Alerta amarilla para Chiriqu\u00ed, Bocas, Veraguas, Ng\u00e4be Bugl\u00e9 y Col\u00f3n"},"content":{"rendered":"<p>\nEl Centro de Operaciones de Emergencia (COE) del Sistema Nacional de Protecci\u00f3n Civil ( Sinaproc ) inform\u00f3 este lunes 21 de noviembre de 2016 que elev\u00f3 una alerta amarilla para las regiones de Chiriqu\u00ed, Veraguas, Bocas del Toro, comarca Ngabe Bugl\u00e9 y Col\u00f3n. \u00a0 <\/p>\n<p>De igual manera se declar\u00f3 alerta verde para el resto de Panam\u00e1, debido al sistema de baja presi\u00f3n localizado en el mar Caribe, frente a las costas de Costa Rica y el norte de Panam\u00e1. \u00a0 <\/p>\n<p>Este sistema de baja presi\u00f3n sigue manteniendo su intensidad sobre algunos sectores del pa\u00eds y provocando lluvias en las \u00faltimas 12 horas, dentro de la frontera Panam\u00e1-Costa Rica, el sector de la vertiente pac\u00edfica en Chiriqu\u00ed, as\u00ed como en la zona este, oeste y metropolitana del pa\u00eds, precisa el comunicado. <\/p>\n<p>Seg\u00fan las autoridades, las lluvias se prolongar\u00edan hasta las pr\u00f3ximas 72 horas.\u00a0 <\/p>\n<p>\u00a0 <\/p>\n","protected":false},"excerpt":{"rendered":"<p>El Centro de Operaciones de Emergencia (COE) del Sistema Nacional <a href=\"https:\/\/sertv.gob.pa\/crisolfm\/alerta-amarilla-para-chiriqui-bocas-veraguas-ngaebe-bugle-y-colon\/\"> [&#8230;]<\/a><\/p>\n","protected":false},"author":1,"featured_media":6757,"comment_status":"closed","ping_status":"closed","sticky":false,"template":"","format":"standard","meta":{"footnotes":""},"categories":[7],"tags":[],"class_list":["post-6756","post","type-post","status-publish","format-standard","has-post-thumbnail","hentry","category-ecologicas"],"_links":{"self":[{"href":"https:\/\/sertv.gob.pa\/crisolfm\/wp-json\/wp\/v2\/posts\/6756","targetHints":{"allow":["GET"]}}],"collection":[{"href":"https:\/\/sertv.gob.pa\/crisolfm\/wp-json\/wp\/v2\/posts"}],"about":[{"href":"https:\/\/sertv.gob.pa\/crisolfm\/wp-json\/wp\/v2\/types\/post"}],"author":[{"embeddable":true,"href":"https:\/\/sertv.gob.pa\/crisolfm\/wp-json\/wp\/v2\/users\/1"}],"replies":[{"embeddable":true,"href":"https:\/\/sertv.gob.pa\/crisolfm\/wp-json\/wp\/v2\/comments?post=6756"}],"version-history":[{"count":0,"href":"https:\/\/sertv.gob.pa\/crisolfm\/wp-json\/wp\/v2\/posts\/6756\/revisions"}],"wp:featuredmedia":[{"embeddable":true,"href":"https:\/\/sertv.gob.pa\/crisolfm\/wp-json\/wp\/v2\/media\/6757"}],"wp:attachment":[{"href":"https:\/\/sertv.gob.pa\/crisolfm\/wp-json\/wp\/v2\/media?parent=6756"}],"wp:term":[{"taxonomy":"category","embeddable":true,"href":"https:\/\/sertv.gob.pa\/crisolfm\/wp-json\/wp\/v2\/categories?post=6756"},{"taxonomy":"post_tag","embeddable":true,"href":"https:\/\/sertv.gob.pa\/crisolfm\/wp-json\/wp\/v2\/tags?post=6756"}],"curies":[{"name":"wp","href":"https:\/\/api.w.org\/{rel}","templated":true}]}}