{"id":6758,"date":"2016-11-21T19:55:16","date_gmt":"2016-11-21T19:55:16","guid":{"rendered":""},"modified":"2016-11-21T19:55:16","modified_gmt":"2016-11-21T19:55:16","slug":"alerta-preventiva-por-tormenta-otto-declaran-nicaragua-y-costa-rica","status":"publish","type":"post","link":"https:\/\/sertv.gob.pa\/crisolfm\/alerta-preventiva-por-tormenta-otto-declaran-nicaragua-y-costa-rica\/","title":{"rendered":"Alerta preventiva por tormenta \u2018Otto\u2019 declaran Nicaragua y Costa Rica"},"content":{"rendered":"<p>\n Autoridades de Nicaragua y Costa Rica  se declararon este lunes 21 de noviembre en alerta ante la formaci\u00f3n de la  tormenta tropical &ldquo;Otto&rdquo; , que podr\u00eda convertirse esta semana en hurac\u00e1n frente a las costas del Caribe, informaron fuentes oficiales. <\/p>\n<p>En Nicaragua las autoridades alertaron a &ldquo;todos los municipios de la Regi\u00f3n Aut\u00f3noma del Atl\u00e1ntico Sur (RAAS) y los departamentos de Chontales, Zelaya Central y R\u00edo San Juan&rdquo;, inform\u00f3 el codirector del estatal Sistema Nacional para la Prevenci\u00f3n, Mitigaci\u00f3n y Atenci\u00f3n de Desastres (Sinapred), Guillermo Gonz\u00e1lez. <\/p>\n<p>La medida afecta a 26 municipios de la zona que podr\u00eda ser impactada por el fen\u00f3meno clim\u00e1tico, donde el gobierno solicit\u00f3 activar los cuerpos de socorro que forman parte de Sinapred y preparar los planes de evacuaci\u00f3n. <\/p>\n<p>Los cuerpos de Sinpared deben &ldquo;revisar los planes de inundaci\u00f3n, en especial de las comunidades con mayor peligro de ser afectadas por la depresi\u00f3n tropical (ahora tormenta ) y revisar la disponibilidad de recursos&rdquo; para atender a las zonas que pudieran ser perjudicadas, precis\u00f3 el funcionario. <\/p>\n<p>El fen\u00f3meno igualmente ha afectado a Costa Rica con intensas lluvias los \u00faltimos tres d\u00edas, que provocaron inundaciones especialmente en la costa del Caribe. <\/p>\n<p>La Comisi\u00f3n Nacional de Emergencias (CNE) se declar\u00f3 este lunes igualmente en alerta en todo el territorio nacional, con un llamado a los comit\u00e9s locales para que comiencen a movilizarse en la atenci\u00f3n de eventuales incidentes. <\/p>\n<p>El Centro Nacional de Huracanes de Estados Unidos inform\u00f3 que la tormenta tropical &ldquo;Otto&rdquo; se form\u00f3 en el mar Caribe, unos 500 kil\u00f3metros frente a la costa nicarag\u00fcense. <\/p>\n<p>\u00a0 <\/p>\n","protected":false},"excerpt":{"rendered":"<p>Autoridades de Nicaragua y Costa Rica se declararon este lunes <a href=\"https:\/\/sertv.gob.pa\/crisolfm\/alerta-preventiva-por-tormenta-otto-declaran-nicaragua-y-costa-rica\/\"> [&#8230;]<\/a><\/p>\n","protected":false},"author":1,"featured_media":6759,"comment_status":"closed","ping_status":"closed","sticky":false,"template":"","format":"standard","meta":{"footnotes":""},"categories":[7],"tags":[],"class_list":["post-6758","post","type-post","status-publish","format-standard","has-post-thumbnail","hentry","category-ecologicas"],"_links":{"self":[{"href":"https:\/\/sertv.gob.pa\/crisolfm\/wp-json\/wp\/v2\/posts\/6758","targetHints":{"allow":["GET"]}}],"collection":[{"href":"https:\/\/sertv.gob.pa\/crisolfm\/wp-json\/wp\/v2\/posts"}],"about":[{"href":"https:\/\/sertv.gob.pa\/crisolfm\/wp-json\/wp\/v2\/types\/post"}],"author":[{"embeddable":true,"href":"https:\/\/sertv.gob.pa\/crisolfm\/wp-json\/wp\/v2\/users\/1"}],"replies":[{"embeddable":true,"href":"https:\/\/sertv.gob.pa\/crisolfm\/wp-json\/wp\/v2\/comments?post=6758"}],"version-history":[{"count":0,"href":"https:\/\/sertv.gob.pa\/crisolfm\/wp-json\/wp\/v2\/posts\/6758\/revisions"}],"wp:featuredmedia":[{"embeddable":true,"href":"https:\/\/sertv.gob.pa\/crisolfm\/wp-json\/wp\/v2\/media\/6759"}],"wp:attachment":[{"href":"https:\/\/sertv.gob.pa\/crisolfm\/wp-json\/wp\/v2\/media?parent=6758"}],"wp:term":[{"taxonomy":"category","embeddable":true,"href":"https:\/\/sertv.gob.pa\/crisolfm\/wp-json\/wp\/v2\/categories?post=6758"},{"taxonomy":"post_tag","embeddable":true,"href":"https:\/\/sertv.gob.pa\/crisolfm\/wp-json\/wp\/v2\/tags?post=6758"}],"curies":[{"name":"wp","href":"https:\/\/api.w.org\/{rel}","templated":true}]}}