{"id":6760,"date":"2016-11-22T15:12:28","date_gmt":"2016-11-22T15:12:28","guid":{"rendered":""},"modified":"2016-11-22T15:12:28","modified_gmt":"2016-11-22T15:12:28","slug":"japon-levanta-la-alerta-de-tsunami","status":"publish","type":"post","link":"https:\/\/sertv.gob.pa\/crisolfm\/japon-levanta-la-alerta-de-tsunami\/","title":{"rendered":"Jap\u00f3n levanta la alerta de tsunami"},"content":{"rendered":"<p>\nEste martes el gobierno japon\u00e9s levant\u00f3 la alerta de tsunami decretada luego del terremoto que golpe\u00f3 la costa del noreste del pa\u00eds, que provoc\u00f3 una fuerte marejada frente a la central nuclear de Fukushima, inform\u00f3 la agencia meteorol\u00f3gica japonesa. <\/p>\n<p>\u00abLa alerta de tsunami ha sido levantada\u00bb, manifest\u00f3 la entidad en un comunicado emitido a las 12H50 hora local (03H50 GMT). <\/p>\n<p>Tras un sismo de magnitud de 7.4 ocurrido a las 05H59 (21H00 GMT) a una profundidad de 10 kil\u00f3metros, las autoridades hab\u00edan advertido del peligro de tsunami en las prefecturas de Fukushima y de Miyagi. <\/p>\n<p>No obstante, la agencia advirti\u00f3 a la poblaci\u00f3n que en los pr\u00f3ximos siete d\u00edas seguir\u00e1n sinti\u00e9ndose las r\u00e9plicas del fuerte sismo. <\/p>\n<p>La compa\u00f1\u00eda Tepco (Tokyo Electric Power), que opera la planta de Fukushima, hab\u00eda informado durante la jornada que una fuerte marejada de un metro toc\u00f3 las costas ubicadas frente a la central, pero seg\u00fan las informaciones preliminares no se registraron da\u00f1os. <\/p>\n<p>Dos horas despu\u00e9s del terremoto, en la costa de Sendai, en la prefectura de Miyagi, se registr\u00f3 una ola de 1.4 metros, mientras que en otras localidades el nivel del mar subi\u00f3 varios cent\u00edmetros, seg\u00fan los datos de la agencia meteorol\u00f3gica japonesa. <\/p>\n<p>\u00a0 <\/p>\n<p>\u00a0 <\/p>\n","protected":false},"excerpt":{"rendered":"<p>Este martes el gobierno japon\u00e9s levant\u00f3 la alerta de tsunami <a href=\"https:\/\/sertv.gob.pa\/crisolfm\/japon-levanta-la-alerta-de-tsunami\/\"> [&#8230;]<\/a><\/p>\n","protected":false},"author":1,"featured_media":6761,"comment_status":"closed","ping_status":"closed","sticky":false,"template":"","format":"standard","meta":{"footnotes":""},"categories":[7],"tags":[],"class_list":["post-6760","post","type-post","status-publish","format-standard","has-post-thumbnail","hentry","category-ecologicas"],"_links":{"self":[{"href":"https:\/\/sertv.gob.pa\/crisolfm\/wp-json\/wp\/v2\/posts\/6760","targetHints":{"allow":["GET"]}}],"collection":[{"href":"https:\/\/sertv.gob.pa\/crisolfm\/wp-json\/wp\/v2\/posts"}],"about":[{"href":"https:\/\/sertv.gob.pa\/crisolfm\/wp-json\/wp\/v2\/types\/post"}],"author":[{"embeddable":true,"href":"https:\/\/sertv.gob.pa\/crisolfm\/wp-json\/wp\/v2\/users\/1"}],"replies":[{"embeddable":true,"href":"https:\/\/sertv.gob.pa\/crisolfm\/wp-json\/wp\/v2\/comments?post=6760"}],"version-history":[{"count":0,"href":"https:\/\/sertv.gob.pa\/crisolfm\/wp-json\/wp\/v2\/posts\/6760\/revisions"}],"wp:featuredmedia":[{"embeddable":true,"href":"https:\/\/sertv.gob.pa\/crisolfm\/wp-json\/wp\/v2\/media\/6761"}],"wp:attachment":[{"href":"https:\/\/sertv.gob.pa\/crisolfm\/wp-json\/wp\/v2\/media?parent=6760"}],"wp:term":[{"taxonomy":"category","embeddable":true,"href":"https:\/\/sertv.gob.pa\/crisolfm\/wp-json\/wp\/v2\/categories?post=6760"},{"taxonomy":"post_tag","embeddable":true,"href":"https:\/\/sertv.gob.pa\/crisolfm\/wp-json\/wp\/v2\/tags?post=6760"}],"curies":[{"name":"wp","href":"https:\/\/api.w.org\/{rel}","templated":true}]}}