{"id":6762,"date":"2016-11-22T15:21:01","date_gmt":"2016-11-22T15:21:01","guid":{"rendered":""},"modified":"2016-11-22T15:21:01","modified_gmt":"2016-11-22T15:21:01","slug":"costa-rica-ordena-evacuar-en-las-costas-del-caribe-por-tormenta-otto","status":"publish","type":"post","link":"https:\/\/sertv.gob.pa\/crisolfm\/costa-rica-ordena-evacuar-en-las-costas-del-caribe-por-tormenta-otto\/","title":{"rendered":"Costa Rica ordena evacuar en las costas del Caribe por tormenta Otto"},"content":{"rendered":"<p>\nEste martes Costa Rica orden\u00f3 \u00a0la evacuaci\u00f3n obligatoria de las comunidades en casi toda la  zona costera del Caribe  ante la amenaza de la  tormenta tropical Otto , que se convertir\u00e1 en hurac\u00e1n en el transcurso del d\u00eda de hoy o el mi\u00e9rcoles, seg\u00fan los pron\u00f3sticos meteorol\u00f3gicos. <\/p>\n<p>\u00abLe pido al pa\u00eds mantener la calma y ayudar en el proceso de evacuaci\u00f3n que iniciar\u00e1 inmediatamente y con mano firme, no vamos a permitir que se nos quede gente en zonas de riesgo y tener que lamentar p\u00e9rdidas de vidas humanas\u00bb, afirm\u00f3 el presidente Luis Guillermo Sol\u00eds en rueda de prensa. <\/p>\n<p>\u00a0 <\/p>\n","protected":false},"excerpt":{"rendered":"<p>Este martes Costa Rica orden\u00f3 \u00a0la evacuaci\u00f3n obligatoria de las <a href=\"https:\/\/sertv.gob.pa\/crisolfm\/costa-rica-ordena-evacuar-en-las-costas-del-caribe-por-tormenta-otto\/\"> [&#8230;]<\/a><\/p>\n","protected":false},"author":1,"featured_media":6763,"comment_status":"closed","ping_status":"closed","sticky":false,"template":"","format":"standard","meta":{"footnotes":""},"categories":[7],"tags":[],"class_list":["post-6762","post","type-post","status-publish","format-standard","has-post-thumbnail","hentry","category-ecologicas"],"_links":{"self":[{"href":"https:\/\/sertv.gob.pa\/crisolfm\/wp-json\/wp\/v2\/posts\/6762","targetHints":{"allow":["GET"]}}],"collection":[{"href":"https:\/\/sertv.gob.pa\/crisolfm\/wp-json\/wp\/v2\/posts"}],"about":[{"href":"https:\/\/sertv.gob.pa\/crisolfm\/wp-json\/wp\/v2\/types\/post"}],"author":[{"embeddable":true,"href":"https:\/\/sertv.gob.pa\/crisolfm\/wp-json\/wp\/v2\/users\/1"}],"replies":[{"embeddable":true,"href":"https:\/\/sertv.gob.pa\/crisolfm\/wp-json\/wp\/v2\/comments?post=6762"}],"version-history":[{"count":0,"href":"https:\/\/sertv.gob.pa\/crisolfm\/wp-json\/wp\/v2\/posts\/6762\/revisions"}],"wp:featuredmedia":[{"embeddable":true,"href":"https:\/\/sertv.gob.pa\/crisolfm\/wp-json\/wp\/v2\/media\/6763"}],"wp:attachment":[{"href":"https:\/\/sertv.gob.pa\/crisolfm\/wp-json\/wp\/v2\/media?parent=6762"}],"wp:term":[{"taxonomy":"category","embeddable":true,"href":"https:\/\/sertv.gob.pa\/crisolfm\/wp-json\/wp\/v2\/categories?post=6762"},{"taxonomy":"post_tag","embeddable":true,"href":"https:\/\/sertv.gob.pa\/crisolfm\/wp-json\/wp\/v2\/tags?post=6762"}],"curies":[{"name":"wp","href":"https:\/\/api.w.org\/{rel}","templated":true}]}}