{"id":6764,"date":"2016-11-22T15:53:37","date_gmt":"2016-11-22T15:53:37","guid":{"rendered":""},"modified":"2016-11-22T15:53:37","modified_gmt":"2016-11-22T15:53:37","slug":"declaran-alerta-amarilla-para-todo-el-pais","status":"publish","type":"post","link":"https:\/\/sertv.gob.pa\/crisolfm\/declaran-alerta-amarilla-para-todo-el-pais\/","title":{"rendered":"Declaran alerta amarilla para todo el pa\u00eds"},"content":{"rendered":"<p>\nEl Centro de Operaciones de Emergencia (COE) del Sistema Nacional de Protecci\u00f3n Civil ( Sinaproc ) dio a conocer este martes 22 de noviembre de 2016 que elev\u00f3 a alerta amarilla para todo el territorio nacional, a ra\u00edz de las constantes lluvias generadas por la tormenta tropical Otto, estacionada en el suroeste del mar Caribe. \u00a0 <\/p>\n<p>Se espera que las bandas de lluvia exteriores de Otto puedan producir precipitaciones de tres a seis pulgadas, afectando el centro y el oeste de Panam\u00e1, hasta ma\u00f1ana mi\u00e9rcoles, seg\u00fan el COE. \u00a0 <\/p>\n<p>Durante esta madrugada se registr\u00f3 un deslizamiento de tierra en el sector de Fundavico, en el distrito de Arraij\u00e1n, provincia de Panam\u00e1 Oeste, que dej\u00f3 como saldo dos personas muertas. En tanto, un menor de nueve a\u00f1os de edad falleci\u00f3\u00a0esta ma\u00f1ana, luego de que un \u00e1rbol cayera sobre el veh\u00edculo en el que se transportaba hacia la escuela, en el sector de Los R\u00edos.\u00a0 <\/p>\n<p>En Cerro Batea, Las Cumbres y el corredor Norte igualmente se dieron\u00a0deslizamientos de tierra, lo que es atendido por las autoridades de rescate. <\/p>\n<p>De igual manera se registraron inundaciones en Alcalde D\u00edaz (16 casas); los sectores de Gatuncillo Norte (1), Gatuncillo Sur ( 13), Salamanca (8), Buena Vista (5),\u00a0 para un total de 27 residencias en la provincia de Col\u00f3n. La Fuerza de Tarea Conjunta inspecciona residencias en el sector 5 de San Miguelito, sector 2000 en Belisario Fr\u00edas y Sector 3 de Samaria por desprendimiento de techos. <\/p>\n<p>A ra\u00edz de este sistema de mal tiempo, el Ministerio de Educaci\u00f3n inform\u00f3 esta ma\u00f1ana que las clases fueron suspendidas\u00a0en todos los colegios oficiales y particulares del pa\u00eds. <\/p>\n<p>Las operaciones en el aeropuerto Marcos A. Gelabert de Albrook asimismo est\u00e1n canceladas hasta segundo aviso. <\/p>\n<p>De igual forma se mantiene la bandera roja para el Caribe, por oleajes de seis a nueve pies y vientos sostenidos de hasta 30 kil\u00f3metros por hora; hay un aviso de prevenci\u00f3n para el Pac\u00edfico por oleajes de cuatro pies. <\/p>\n<p>El jefe del Sinaproc, Jos\u00e9 Donderis, solicit\u00f3 &ndash;a trav\u00e9s de su cuenta de Twitter&ndash; que, si no es necesario, las personas se mantengan en sus hogares y eviten salir a las v\u00edas.\u00a0 <\/p>\n<p>\u00a0 <\/p>\n","protected":false},"excerpt":{"rendered":"<p>El Centro de Operaciones de Emergencia (COE) del Sistema Nacional <a href=\"https:\/\/sertv.gob.pa\/crisolfm\/declaran-alerta-amarilla-para-todo-el-pais\/\"> [&#8230;]<\/a><\/p>\n","protected":false},"author":1,"featured_media":6765,"comment_status":"closed","ping_status":"closed","sticky":false,"template":"","format":"standard","meta":{"footnotes":""},"categories":[7],"tags":[],"class_list":["post-6764","post","type-post","status-publish","format-standard","has-post-thumbnail","hentry","category-ecologicas"],"_links":{"self":[{"href":"https:\/\/sertv.gob.pa\/crisolfm\/wp-json\/wp\/v2\/posts\/6764","targetHints":{"allow":["GET"]}}],"collection":[{"href":"https:\/\/sertv.gob.pa\/crisolfm\/wp-json\/wp\/v2\/posts"}],"about":[{"href":"https:\/\/sertv.gob.pa\/crisolfm\/wp-json\/wp\/v2\/types\/post"}],"author":[{"embeddable":true,"href":"https:\/\/sertv.gob.pa\/crisolfm\/wp-json\/wp\/v2\/users\/1"}],"replies":[{"embeddable":true,"href":"https:\/\/sertv.gob.pa\/crisolfm\/wp-json\/wp\/v2\/comments?post=6764"}],"version-history":[{"count":0,"href":"https:\/\/sertv.gob.pa\/crisolfm\/wp-json\/wp\/v2\/posts\/6764\/revisions"}],"wp:featuredmedia":[{"embeddable":true,"href":"https:\/\/sertv.gob.pa\/crisolfm\/wp-json\/wp\/v2\/media\/6765"}],"wp:attachment":[{"href":"https:\/\/sertv.gob.pa\/crisolfm\/wp-json\/wp\/v2\/media?parent=6764"}],"wp:term":[{"taxonomy":"category","embeddable":true,"href":"https:\/\/sertv.gob.pa\/crisolfm\/wp-json\/wp\/v2\/categories?post=6764"},{"taxonomy":"post_tag","embeddable":true,"href":"https:\/\/sertv.gob.pa\/crisolfm\/wp-json\/wp\/v2\/tags?post=6764"}],"curies":[{"name":"wp","href":"https:\/\/api.w.org\/{rel}","templated":true}]}}