{"id":6772,"date":"2016-11-22T19:34:07","date_gmt":"2016-11-22T19:34:07","guid":{"rendered":""},"modified":"2016-11-22T19:34:07","modified_gmt":"2016-11-22T19:34:07","slug":"alerta-roja-para-el-caribe-panameno-es-decretada","status":"publish","type":"post","link":"https:\/\/sertv.gob.pa\/crisolfm\/alerta-roja-para-el-caribe-panameno-es-decretada\/","title":{"rendered":"Alerta roja para el caribe paname\u00f1o es decretada"},"content":{"rendered":"<p>\nAlerta roja para las costas del Caribe y amarilla para el resto del pa\u00eds ha decretado hoy el presidente Juan Carlos Varela. <\/p>\n<p>Las principales regiones son Bocas del Toro y Guna Yala y se ver\u00e1n afectadas con vientos por encima de los 80 kil\u00f3metros por hora. <\/p>\n<p>El mandatario ha se\u00f1alado que el Sistema Nacional de Protecci\u00f3n Civil (Sinaproc) estar\u00e1 brindando informaci\u00f3n \u00a0cada dos horas desde su base central y la cu\u00e1l ser\u00e1 emitida a trav\u00e9s del canal estatal Sertv y Radio Nacional.\u00a0 <\/p>\n<p>Jos\u00e9 Donderis, director de Sinaproc inform\u00f3 que alerta roja indica la\u00a0movilizaci\u00f3n de todos los recursos disponibles para la atenci\u00f3n de emergencias para costas del Caribe paname\u00f1o. <\/p>\n<p>Por su parte, la Fuerza de Tarea Conjunta\u00a0refuerza la presencia de equipos de primera respuesta en las provincias de Col\u00f3n, el norte de Veraguas y Bocas del Toro. <\/p>\n<p>\u00a0 <\/p>\n","protected":false},"excerpt":{"rendered":"<p>Alerta roja para las costas del Caribe y amarilla para <a href=\"https:\/\/sertv.gob.pa\/crisolfm\/alerta-roja-para-el-caribe-panameno-es-decretada\/\"> [&#8230;]<\/a><\/p>\n","protected":false},"author":1,"featured_media":6773,"comment_status":"closed","ping_status":"closed","sticky":false,"template":"","format":"standard","meta":{"footnotes":""},"categories":[7],"tags":[],"class_list":["post-6772","post","type-post","status-publish","format-standard","has-post-thumbnail","hentry","category-ecologicas"],"_links":{"self":[{"href":"https:\/\/sertv.gob.pa\/crisolfm\/wp-json\/wp\/v2\/posts\/6772","targetHints":{"allow":["GET"]}}],"collection":[{"href":"https:\/\/sertv.gob.pa\/crisolfm\/wp-json\/wp\/v2\/posts"}],"about":[{"href":"https:\/\/sertv.gob.pa\/crisolfm\/wp-json\/wp\/v2\/types\/post"}],"author":[{"embeddable":true,"href":"https:\/\/sertv.gob.pa\/crisolfm\/wp-json\/wp\/v2\/users\/1"}],"replies":[{"embeddable":true,"href":"https:\/\/sertv.gob.pa\/crisolfm\/wp-json\/wp\/v2\/comments?post=6772"}],"version-history":[{"count":0,"href":"https:\/\/sertv.gob.pa\/crisolfm\/wp-json\/wp\/v2\/posts\/6772\/revisions"}],"wp:featuredmedia":[{"embeddable":true,"href":"https:\/\/sertv.gob.pa\/crisolfm\/wp-json\/wp\/v2\/media\/6773"}],"wp:attachment":[{"href":"https:\/\/sertv.gob.pa\/crisolfm\/wp-json\/wp\/v2\/media?parent=6772"}],"wp:term":[{"taxonomy":"category","embeddable":true,"href":"https:\/\/sertv.gob.pa\/crisolfm\/wp-json\/wp\/v2\/categories?post=6772"},{"taxonomy":"post_tag","embeddable":true,"href":"https:\/\/sertv.gob.pa\/crisolfm\/wp-json\/wp\/v2\/tags?post=6772"}],"curies":[{"name":"wp","href":"https:\/\/api.w.org\/{rel}","templated":true}]}}