{"id":67728,"date":"2024-12-03T18:26:49","date_gmt":"2024-12-03T18:26:49","guid":{"rendered":"https:\/\/sertv.gob.pa\/crisolfm\/?p=67728"},"modified":"2024-12-03T18:26:49","modified_gmt":"2024-12-03T18:26:49","slug":"se-mantiene-operativos-contra-la-malaria-en-el-area-norte-de-veraguas","status":"publish","type":"post","link":"https:\/\/sertv.gob.pa\/crisolfm\/se-mantiene-operativos-contra-la-malaria-en-el-area-norte-de-veraguas\/","title":{"rendered":"Se mantiene operativos contra la malaria en el \u00e1rea norte de Veraguas"},"content":{"rendered":"<div class=\"fusion-fullwidth fullwidth-box fusion-builder-row-1 fusion-flex-container has-pattern-background has-mask-background nonhundred-percent-fullwidth non-hundred-percent-height-scrolling\" style=\"--awb-border-radius-top-left:0px;--awb-border-radius-top-right:0px;--awb-border-radius-bottom-right:0px;--awb-border-radius-bottom-left:0px;--awb-flex-wrap:wrap;\" ><div class=\"fusion-builder-row fusion-row fusion-flex-align-items-flex-start fusion-flex-content-wrap\" style=\"max-width:1144px;margin-left: calc(-4% \/ 2 );margin-right: calc(-4% \/ 2 );\"><div class=\"fusion-layout-column fusion_builder_column fusion-builder-column-0 fusion_builder_column_1_1 1_1 fusion-flex-column\" style=\"--awb-bg-size:cover;--awb-width-large:100%;--awb-margin-top-large:0px;--awb-spacing-right-large:1.92%;--awb-margin-bottom-large:20px;--awb-spacing-left-large:1.92%;--awb-width-medium:100%;--awb-order-medium:0;--awb-spacing-right-medium:1.92%;--awb-spacing-left-medium:1.92%;--awb-width-small:100%;--awb-order-small:0;--awb-spacing-right-small:1.92%;--awb-spacing-left-small:1.92%;\"><div class=\"fusion-column-wrapper fusion-column-has-shadow fusion-flex-justify-content-flex-start fusion-content-layout-column\"><div class=\"fusion-text fusion-text-1\" style=\"--awb-content-alignment:justify;\"><p><strong>La Regi\u00f3n de Salud de Veraguas, refuerza las jornadas de prevenci\u00f3n en los corregimientos de R\u00edo Luis y Calov\u00e9bora, que registran 328 casos de malaria<\/strong><\/p>\n<p><strong>De manera estrat\u00e9gica se ha reforzado el equipo de Control de Vectores que se mantiene en esta regi\u00f3n de la provincia, para mantener la b\u00fasqueda activa de casos positivos, realizar las nebulizaciones preventivas y brindar las docencias a la poblaci\u00f3n en general.<\/strong><\/p>\n<p><strong>Estos equipos se mantienen realizando operativos de nebulizaci\u00f3n y docencia en las apartadas localidades de Boca de San Antonio y Quebrada San Antonio en R\u00edo Concepci\u00f3n, \u00e1reas de dif\u00edcil acceso del distrito de Santa Fe.<\/strong><\/p>\n<p><strong>La Malaria, es una enfermedad causada por un par\u00e1sito y se transmite por la picadura de un mosquito infectado y sus s\u00edntomas son: fiebre, v\u00f3mito, dolor de cabeza escalofr\u00edos, cansancio y diarrea.<\/strong><\/p>\n<p><strong>Ricardo Chong, Jefe Regional de Epidemiologia, destac\u00f3 que, se mantiene una vigilancia epidemiol\u00f3gica en el \u00e1rea con la realizaci\u00f3n de pruebas r\u00e1pidas de sangre para la detecci\u00f3n oportuna y trazabilidad de los casos.<\/strong><\/p>\n<p>Fuente: MINSA<\/p>\n<\/div><div class=\"awb-gallery-wrapper awb-gallery-wrapper-1 button-span-no\" style=\"--more-btn-alignment:center;\"><div style=\"margin:-5px;--awb-bordersize:0px;\" class=\"fusion-gallery fusion-gallery-container fusion-grid-3 fusion-columns-total-1 fusion-gallery-layout-grid fusion-gallery-1\"><div style=\"padding:5px;\" class=\"fusion-grid-column fusion-gallery-column fusion-gallery-column-3 hover-type-none\"><div class=\"fusion-gallery-image\"><a href=\"https:\/\/sertv.gob.pa\/crisolfm\/wp-content\/uploads\/sites\/2\/2024\/12\/MALARIA-VERAGUAS-2.jpeg\" rel=\"noreferrer\" data-rel=\"iLightbox[gallery_image_1]\" class=\"fusion-lightbox\" target=\"_self\"><img decoding=\"async\" src=\"https:\/\/sertv.gob.pa\/crisolfm\/wp-content\/uploads\/sites\/2\/2024\/12\/MALARIA-VERAGUAS-2.jpeg\" width=\"600\" height=\"600\" alt=\"\" title=\"MALARIA VERAGUAS 2\" aria-label=\"MALARIA VERAGUAS 2\" class=\"img-responsive wp-image-67731\" srcset=\"https:\/\/sertv.gob.pa\/crisolfm\/wp-content\/uploads\/sites\/2\/2024\/12\/MALARIA-VERAGUAS-2-200x200.jpeg 200w, https:\/\/sertv.gob.pa\/crisolfm\/wp-content\/uploads\/sites\/2\/2024\/12\/MALARIA-VERAGUAS-2-400x400.jpeg 400w, https:\/\/sertv.gob.pa\/crisolfm\/wp-content\/uploads\/sites\/2\/2024\/12\/MALARIA-VERAGUAS-2.jpeg 600w\" sizes=\"(min-width: 2200px) 100vw, (min-width: 784px) 363px, (min-width: 712px) 545px, (min-width: 640px) 712px, \" \/><\/a><\/div><\/div><\/div><\/div><\/div><\/div><\/div><\/div>\n","protected":false},"excerpt":{"rendered":"","protected":false},"author":9,"featured_media":67730,"comment_status":"closed","ping_status":"closed","sticky":false,"template":"","format":"standard","meta":{"footnotes":""},"categories":[14],"tags":[],"class_list":["post-67728","post","type-post","status-publish","format-standard","has-post-thumbnail","hentry","category-salud"],"_links":{"self":[{"href":"https:\/\/sertv.gob.pa\/crisolfm\/wp-json\/wp\/v2\/posts\/67728","targetHints":{"allow":["GET"]}}],"collection":[{"href":"https:\/\/sertv.gob.pa\/crisolfm\/wp-json\/wp\/v2\/posts"}],"about":[{"href":"https:\/\/sertv.gob.pa\/crisolfm\/wp-json\/wp\/v2\/types\/post"}],"author":[{"embeddable":true,"href":"https:\/\/sertv.gob.pa\/crisolfm\/wp-json\/wp\/v2\/users\/9"}],"replies":[{"embeddable":true,"href":"https:\/\/sertv.gob.pa\/crisolfm\/wp-json\/wp\/v2\/comments?post=67728"}],"version-history":[{"count":1,"href":"https:\/\/sertv.gob.pa\/crisolfm\/wp-json\/wp\/v2\/posts\/67728\/revisions"}],"predecessor-version":[{"id":67732,"href":"https:\/\/sertv.gob.pa\/crisolfm\/wp-json\/wp\/v2\/posts\/67728\/revisions\/67732"}],"wp:featuredmedia":[{"embeddable":true,"href":"https:\/\/sertv.gob.pa\/crisolfm\/wp-json\/wp\/v2\/media\/67730"}],"wp:attachment":[{"href":"https:\/\/sertv.gob.pa\/crisolfm\/wp-json\/wp\/v2\/media?parent=67728"}],"wp:term":[{"taxonomy":"category","embeddable":true,"href":"https:\/\/sertv.gob.pa\/crisolfm\/wp-json\/wp\/v2\/categories?post=67728"},{"taxonomy":"post_tag","embeddable":true,"href":"https:\/\/sertv.gob.pa\/crisolfm\/wp-json\/wp\/v2\/tags?post=67728"}],"curies":[{"name":"wp","href":"https:\/\/api.w.org\/{rel}","templated":true}]}}