{"id":6774,"date":"2016-11-23T14:34:51","date_gmt":"2016-11-23T14:34:51","guid":{"rendered":""},"modified":"2016-11-23T14:34:51","modified_gmt":"2016-11-23T14:34:51","slug":"otto-se-debilita-y-ya-no-es-huracan","status":"publish","type":"post","link":"https:\/\/sertv.gob.pa\/crisolfm\/otto-se-debilita-y-ya-no-es-huracan\/","title":{"rendered":"Otto se debilita y ya no es hurac\u00e1n"},"content":{"rendered":"<p>\nEn rueda de prensa la Fuerza de Tarea Conjunta (FTC) brind\u00f3 un nuevo informe sobre la situaci\u00f3n climatol\u00f3gica del pa\u00eds, causada por el hurac\u00e1n Otto, quien se debilit\u00f3 en horas de la madrugada. <\/p>\n<p>De hecho, se ha debilitado hasta convertirse en tormenta tropical, sus vientos son de 110 km\/h y se aleja de las costas del Caribe de Panam\u00e1. <\/p>\n<p>Las autoridades informaron que durante la madrugada \u00a0ocurrieron dos deslizamientos de tierras en la ciudad capital.\u00a0 <\/p>\n<p>Jos\u00e9 Donderis, director del Sistema Nacional de Protecci\u00f3n Civil (Sinaproc) asegur\u00f3 que la alerta roja se mantiene en el Caribe paname\u00f1o, y la alerta amarilla en el resto del pa\u00eds. <\/p>\n<p>En la conferencia se reiter\u00f3 que las clases est\u00e1n suspendidas en todos los colegios p\u00fablicos y privados del pa\u00eds. Donderis asegur\u00f3 que \u00abtodos los embalses en el pa\u00eds\u00bb se hallan \u00aben niveles seguros\u00bb y \u00abson vigilados mil\u00edmetro a mil\u00edmetro\u00bb. <\/p>\n<p>Sinaproc dio a conocer igualmente que se tienen reportes de tres fallecimientos por el mal tiempo ocasionado por Otto. <\/p>\n<p>\u00a0 <\/p>\n<p>\u00a0 <\/p>\n","protected":false},"excerpt":{"rendered":"<p>En rueda de prensa la Fuerza de Tarea Conjunta (FTC) <a href=\"https:\/\/sertv.gob.pa\/crisolfm\/otto-se-debilita-y-ya-no-es-huracan\/\"> [&#8230;]<\/a><\/p>\n","protected":false},"author":1,"featured_media":6775,"comment_status":"closed","ping_status":"closed","sticky":false,"template":"","format":"standard","meta":{"footnotes":""},"categories":[7],"tags":[],"class_list":["post-6774","post","type-post","status-publish","format-standard","has-post-thumbnail","hentry","category-ecologicas"],"_links":{"self":[{"href":"https:\/\/sertv.gob.pa\/crisolfm\/wp-json\/wp\/v2\/posts\/6774","targetHints":{"allow":["GET"]}}],"collection":[{"href":"https:\/\/sertv.gob.pa\/crisolfm\/wp-json\/wp\/v2\/posts"}],"about":[{"href":"https:\/\/sertv.gob.pa\/crisolfm\/wp-json\/wp\/v2\/types\/post"}],"author":[{"embeddable":true,"href":"https:\/\/sertv.gob.pa\/crisolfm\/wp-json\/wp\/v2\/users\/1"}],"replies":[{"embeddable":true,"href":"https:\/\/sertv.gob.pa\/crisolfm\/wp-json\/wp\/v2\/comments?post=6774"}],"version-history":[{"count":0,"href":"https:\/\/sertv.gob.pa\/crisolfm\/wp-json\/wp\/v2\/posts\/6774\/revisions"}],"wp:featuredmedia":[{"embeddable":true,"href":"https:\/\/sertv.gob.pa\/crisolfm\/wp-json\/wp\/v2\/media\/6775"}],"wp:attachment":[{"href":"https:\/\/sertv.gob.pa\/crisolfm\/wp-json\/wp\/v2\/media?parent=6774"}],"wp:term":[{"taxonomy":"category","embeddable":true,"href":"https:\/\/sertv.gob.pa\/crisolfm\/wp-json\/wp\/v2\/categories?post=6774"},{"taxonomy":"post_tag","embeddable":true,"href":"https:\/\/sertv.gob.pa\/crisolfm\/wp-json\/wp\/v2\/tags?post=6774"}],"curies":[{"name":"wp","href":"https:\/\/api.w.org\/{rel}","templated":true}]}}