{"id":67760,"date":"2024-12-04T14:08:53","date_gmt":"2024-12-04T14:08:53","guid":{"rendered":"https:\/\/sertv.gob.pa\/crisolfm\/?p=67760"},"modified":"2024-12-04T14:08:53","modified_gmt":"2024-12-04T14:08:53","slug":"autoridades-del-minsa-continua-en-la-cuarta-semana-de-consulta-al-proyecto-de-ley-163","status":"publish","type":"post","link":"https:\/\/sertv.gob.pa\/crisolfm\/autoridades-del-minsa-continua-en-la-cuarta-semana-de-consulta-al-proyecto-de-ley-163\/","title":{"rendered":"Autoridades del MINSA contin\u00faa en la cuarta semana de consulta al proyecto de Ley 163"},"content":{"rendered":"<p><strong>El ministro de Salud de Panam\u00e1, Fernando Boyd Galindo, y el viceministro de Salud, Manuel Zambrano, participan en la cuarta semana de consulta en la Comisi\u00f3n de Trabajo, Salud y Desarrollo Social de la Asamblea Nacional del proyecto de Ley 163, que buscar reformar la Ley Org\u00e1nica de la Caja de Seguro Social.<\/strong><\/p>\n<p><strong>Boyd Galindo, manifest\u00f3 que, la Ley Org\u00e1nica de la Caja de Seguro Social, requiere una reforma real, integral e impostergable de la Ley vigente, les corresponde a los miembros de la Comisi\u00f3n de Trabajo, Salud y Desarrollo Social, realizar las modificaciones que consideren necesarias al proyecto de reforma a la Caja de Seguro Social.<\/strong><\/p>\n<p><strong>En esta cuarta semana, siguen participado en este periodo de consulta en primer debate de la Comisi\u00f3n de Trabajo, Salud y Desarrollo Social, representantes de agrupaciones, gremios y personas que desean expresar su opini\u00f3n, aportando ideas y propuestas, para que sean consideradas por los diputados de esta comisi\u00f3n.<\/strong><\/p>\n<p><strong>El \u00d3rgano Ejecutivo present\u00f3 en el Pleno de la Asamblea Nacional, un paquete de reformas que modifica, adiciona y deroga art\u00edculos de la Ley 51 del 27 de diciembre de 2005, que reforman la Ley Org\u00e1nica de la Caja de Seguro Social.<\/strong><\/p>\n<p><strong>La Comisi\u00f3n de Trabajo, Salud y Desarrollo Social de la Asamblea Nacional, anunci\u00f3 que, a partir del 11 de diciembre las consultas se trasladar\u00e1n al interior del pa\u00eds, en donde seguir\u00e1n escuchando a las organizaciones y personas, que desean aportar ideas para mejorar el proyecto de Ley 163, presentado por el \u00d3rgano Ejecutivo.<\/strong><\/p>\n<p>&nbsp;<\/p>\n<p>Fuente: MINSA<\/p>\n","protected":false},"excerpt":{"rendered":"<p>El ministro de Salud de Panam\u00e1, Fernando Boyd Galindo, y <a href=\"https:\/\/sertv.gob.pa\/crisolfm\/autoridades-del-minsa-continua-en-la-cuarta-semana-de-consulta-al-proyecto-de-ley-163\/\"> [&#8230;]<\/a><\/p>\n","protected":false},"author":9,"featured_media":67761,"comment_status":"closed","ping_status":"closed","sticky":false,"template":"","format":"standard","meta":{"footnotes":""},"categories":[12],"tags":[],"class_list":["post-67760","post","type-post","status-publish","format-standard","has-post-thumbnail","hentry","category-nacionales"],"_links":{"self":[{"href":"https:\/\/sertv.gob.pa\/crisolfm\/wp-json\/wp\/v2\/posts\/67760","targetHints":{"allow":["GET"]}}],"collection":[{"href":"https:\/\/sertv.gob.pa\/crisolfm\/wp-json\/wp\/v2\/posts"}],"about":[{"href":"https:\/\/sertv.gob.pa\/crisolfm\/wp-json\/wp\/v2\/types\/post"}],"author":[{"embeddable":true,"href":"https:\/\/sertv.gob.pa\/crisolfm\/wp-json\/wp\/v2\/users\/9"}],"replies":[{"embeddable":true,"href":"https:\/\/sertv.gob.pa\/crisolfm\/wp-json\/wp\/v2\/comments?post=67760"}],"version-history":[{"count":1,"href":"https:\/\/sertv.gob.pa\/crisolfm\/wp-json\/wp\/v2\/posts\/67760\/revisions"}],"predecessor-version":[{"id":67762,"href":"https:\/\/sertv.gob.pa\/crisolfm\/wp-json\/wp\/v2\/posts\/67760\/revisions\/67762"}],"wp:featuredmedia":[{"embeddable":true,"href":"https:\/\/sertv.gob.pa\/crisolfm\/wp-json\/wp\/v2\/media\/67761"}],"wp:attachment":[{"href":"https:\/\/sertv.gob.pa\/crisolfm\/wp-json\/wp\/v2\/media?parent=67760"}],"wp:term":[{"taxonomy":"category","embeddable":true,"href":"https:\/\/sertv.gob.pa\/crisolfm\/wp-json\/wp\/v2\/categories?post=67760"},{"taxonomy":"post_tag","embeddable":true,"href":"https:\/\/sertv.gob.pa\/crisolfm\/wp-json\/wp\/v2\/tags?post=67760"}],"curies":[{"name":"wp","href":"https:\/\/api.w.org\/{rel}","templated":true}]}}