{"id":6780,"date":"2016-11-23T16:30:24","date_gmt":"2016-11-23T16:30:24","guid":{"rendered":""},"modified":"2016-11-23T16:30:24","modified_gmt":"2016-11-23T16:30:24","slug":"incendios-forestales-en-peru-devoran-cerca-de-3-mil-hectareas","status":"publish","type":"post","link":"https:\/\/sertv.gob.pa\/crisolfm\/incendios-forestales-en-peru-devoran-cerca-de-3-mil-hectareas\/","title":{"rendered":"Incendios forestales en Per\u00fa devoran cerca de 3 mil hect\u00e1reas"},"content":{"rendered":"<p>\nEl ministro peruano de Agricultura y Riego, Jos\u00e9 Manuel Hern\u00e1ndez, indic\u00f3 que los once incendios forestales que se registran en \u00e1reas naturales protegidas de la regi\u00f3n de Cajamarca (norte), han devorado cerca de 3 mil hect\u00e1reas de bosques. <\/p>\n<p>Hern\u00e1ndez a\u00f1adi\u00f3 que estos siniestros que alarman a las autoridades y a las comunidades cercanas, han dejado hasta el momento un hombre herido (de 71 a\u00f1os), la p\u00e9rdida de 800 cabezas de ganado ovino y 300 de ganado vacuno. <\/p>\n<p>&lsquo;En este momento, en el pa\u00eds existen once incendios, once focos activos. Con la sequ\u00eda y con los vientos, esto es un foco inmediato&#8217;, dijo el ministro al brindar detalles sobre estos siniestros. <\/p>\n<p>Hern\u00e1ndez reconoci\u00f3 las dificultades que enfrentan las comunidades cercanas a los incendios por la falta de una brigada especializada para combatirlos. <\/p>\n<p>&lsquo;En este tipo de situaciones, en realidad, el pa\u00eds no tiene una unidad especializada, los protocolos los estamos revisando y justamente nos hemos reunido para establecer uno para manejar este tipo de situaciones&#8217;, anot\u00f3 el ministro. <\/p>\n<p>\u00a0 <\/p>\n","protected":false},"excerpt":{"rendered":"<p>El ministro peruano de Agricultura y Riego, Jos\u00e9 Manuel Hern\u00e1ndez, <a href=\"https:\/\/sertv.gob.pa\/crisolfm\/incendios-forestales-en-peru-devoran-cerca-de-3-mil-hectareas\/\"> [&#8230;]<\/a><\/p>\n","protected":false},"author":1,"featured_media":6781,"comment_status":"closed","ping_status":"closed","sticky":false,"template":"","format":"standard","meta":{"footnotes":""},"categories":[7],"tags":[],"class_list":["post-6780","post","type-post","status-publish","format-standard","has-post-thumbnail","hentry","category-ecologicas"],"_links":{"self":[{"href":"https:\/\/sertv.gob.pa\/crisolfm\/wp-json\/wp\/v2\/posts\/6780","targetHints":{"allow":["GET"]}}],"collection":[{"href":"https:\/\/sertv.gob.pa\/crisolfm\/wp-json\/wp\/v2\/posts"}],"about":[{"href":"https:\/\/sertv.gob.pa\/crisolfm\/wp-json\/wp\/v2\/types\/post"}],"author":[{"embeddable":true,"href":"https:\/\/sertv.gob.pa\/crisolfm\/wp-json\/wp\/v2\/users\/1"}],"replies":[{"embeddable":true,"href":"https:\/\/sertv.gob.pa\/crisolfm\/wp-json\/wp\/v2\/comments?post=6780"}],"version-history":[{"count":0,"href":"https:\/\/sertv.gob.pa\/crisolfm\/wp-json\/wp\/v2\/posts\/6780\/revisions"}],"wp:featuredmedia":[{"embeddable":true,"href":"https:\/\/sertv.gob.pa\/crisolfm\/wp-json\/wp\/v2\/media\/6781"}],"wp:attachment":[{"href":"https:\/\/sertv.gob.pa\/crisolfm\/wp-json\/wp\/v2\/media?parent=6780"}],"wp:term":[{"taxonomy":"category","embeddable":true,"href":"https:\/\/sertv.gob.pa\/crisolfm\/wp-json\/wp\/v2\/categories?post=6780"},{"taxonomy":"post_tag","embeddable":true,"href":"https:\/\/sertv.gob.pa\/crisolfm\/wp-json\/wp\/v2\/tags?post=6780"}],"curies":[{"name":"wp","href":"https:\/\/api.w.org\/{rel}","templated":true}]}}