{"id":67828,"date":"2025-01-06T18:00:51","date_gmt":"2025-01-06T18:00:51","guid":{"rendered":"https:\/\/sertv.gob.pa\/crisolfm\/?p=67828"},"modified":"2025-01-06T18:00:51","modified_gmt":"2025-01-06T18:00:51","slug":"minsa-y-mides-refuerzan-alianzas-para-el-beneficio-de-la-poblacion-mas-vulnerable","status":"publish","type":"post","link":"https:\/\/sertv.gob.pa\/crisolfm\/minsa-y-mides-refuerzan-alianzas-para-el-beneficio-de-la-poblacion-mas-vulnerable\/","title":{"rendered":"MINSA y MIDES refuerzan alianzas para el beneficio de la poblaci\u00f3n m\u00e1s vulnerable"},"content":{"rendered":"<p><strong><em>El Ministerio de Salud de Panam\u00e1\u00a0 a trav\u00e9s de la Regi\u00f3n Metropolitana refuerza alianzas con el Ministerio de Desarrollo Social (MIDES), con el enfoque de brindar beneficios de salud en programas y proyectos en la poblaci\u00f3n m\u00e1s vulnerable.<\/em><\/strong><\/p>\n<p>Ricardo Torres Castillo, director regional, mencion\u00f3 que \u201chacemos acercamientos para realizar actividades conjuntas en giras m\u00e9dicas, para que el MIDES, oportunamente den el seguimiento a aquellas personas de comunidades vulnerables que reciben beneficios de programas que ejecuta la entidad\u201d.<\/p>\n<p>Mientras que, el MINSA, brinda los servicios de atenci\u00f3n m\u00e9dica con los controles de salud, jornadas de vacunaci\u00f3n, promoci\u00f3n y prevenci\u00f3n reforz\u00e1ndose la atenci\u00f3n primaria de salud en las comunidades, agreg\u00f3 Torres Castillo.<\/p>\n<p>Estas giras m\u00e9dicas por los profesionales de Salud Metropolitana, est\u00e1n programadas de manera mensual en diversas comunidades de los corregimientos de responsabilidad, como parte de las acciones de atenci\u00f3n primaria en promoci\u00f3n y medicina preventiva.<\/p>\n<p>&nbsp;<\/p>\n<p>Fuente: MINSA<\/p>\n","protected":false},"excerpt":{"rendered":"<p>El Ministerio de Salud de Panam\u00e1\u00a0 a trav\u00e9s de la <a href=\"https:\/\/sertv.gob.pa\/crisolfm\/minsa-y-mides-refuerzan-alianzas-para-el-beneficio-de-la-poblacion-mas-vulnerable\/\"> [&#8230;]<\/a><\/p>\n","protected":false},"author":9,"featured_media":67829,"comment_status":"closed","ping_status":"closed","sticky":false,"template":"","format":"standard","meta":{"footnotes":""},"categories":[14],"tags":[],"class_list":["post-67828","post","type-post","status-publish","format-standard","has-post-thumbnail","hentry","category-salud"],"_links":{"self":[{"href":"https:\/\/sertv.gob.pa\/crisolfm\/wp-json\/wp\/v2\/posts\/67828","targetHints":{"allow":["GET"]}}],"collection":[{"href":"https:\/\/sertv.gob.pa\/crisolfm\/wp-json\/wp\/v2\/posts"}],"about":[{"href":"https:\/\/sertv.gob.pa\/crisolfm\/wp-json\/wp\/v2\/types\/post"}],"author":[{"embeddable":true,"href":"https:\/\/sertv.gob.pa\/crisolfm\/wp-json\/wp\/v2\/users\/9"}],"replies":[{"embeddable":true,"href":"https:\/\/sertv.gob.pa\/crisolfm\/wp-json\/wp\/v2\/comments?post=67828"}],"version-history":[{"count":1,"href":"https:\/\/sertv.gob.pa\/crisolfm\/wp-json\/wp\/v2\/posts\/67828\/revisions"}],"predecessor-version":[{"id":67830,"href":"https:\/\/sertv.gob.pa\/crisolfm\/wp-json\/wp\/v2\/posts\/67828\/revisions\/67830"}],"wp:featuredmedia":[{"embeddable":true,"href":"https:\/\/sertv.gob.pa\/crisolfm\/wp-json\/wp\/v2\/media\/67829"}],"wp:attachment":[{"href":"https:\/\/sertv.gob.pa\/crisolfm\/wp-json\/wp\/v2\/media?parent=67828"}],"wp:term":[{"taxonomy":"category","embeddable":true,"href":"https:\/\/sertv.gob.pa\/crisolfm\/wp-json\/wp\/v2\/categories?post=67828"},{"taxonomy":"post_tag","embeddable":true,"href":"https:\/\/sertv.gob.pa\/crisolfm\/wp-json\/wp\/v2\/tags?post=67828"}],"curies":[{"name":"wp","href":"https:\/\/api.w.org\/{rel}","templated":true}]}}