{"id":6786,"date":"2016-11-24T14:41:31","date_gmt":"2016-11-24T14:41:31","guid":{"rendered":""},"modified":"2016-11-24T14:41:31","modified_gmt":"2016-11-24T14:41:31","slug":"panama-vuelve-a-la-normalidad-pero-se-mantendran-monitoreos","status":"publish","type":"post","link":"https:\/\/sertv.gob.pa\/crisolfm\/panama-vuelve-a-la-normalidad-pero-se-mantendran-monitoreos\/","title":{"rendered":"Panam\u00e1 vuelve a la normalidad, pero se mantendr\u00e1n monitoreos"},"content":{"rendered":"<p>\nEl pa\u00eds regresa a la normalidad, pero nos mantendremos monitoreando\u00bb, dio a conocer el viceministro de Ambiente, Emilio Sempris en conferencia de prensa de la Fuerza de Tarea Conjunta (FTC), luego de \u00a0las inclemencias del tiempo de los \u00faltimos d\u00edas causadas por el hurac\u00e1n Otto. <\/p>\n<p> Sempris a\u00f1adi\u00f3 que el hurac\u00e1n Otto  se mueve hacia la frontera de Costa Rica y Nicaragua, donde se reportan nubes con lloviznas. <\/p>\n<p>Por su parte, Jos\u00e9 Donderis, director del Sistema Nacional de Protecci\u00f3n Civil (Sinaproc) destac\u00f3 que todas las acciones est\u00e1n bajo control, de modo que las amenazas y riesgos que exist\u00edan para el pa\u00eds disminuyen. La FTC contin\u00faa con los monitoreos por las pr\u00f3ximas 24 horas. <\/p>\n<p>La alerta amarilla contin\u00faa para Bocas del Toro y para el resto del pa\u00eds existe alerta verde. <\/p>\n<p>\u00a0 <\/p>\n","protected":false},"excerpt":{"rendered":"<p>El pa\u00eds regresa a la normalidad, pero nos mantendremos monitoreando\u00bb, <a href=\"https:\/\/sertv.gob.pa\/crisolfm\/panama-vuelve-a-la-normalidad-pero-se-mantendran-monitoreos\/\"> [&#8230;]<\/a><\/p>\n","protected":false},"author":1,"featured_media":6787,"comment_status":"closed","ping_status":"closed","sticky":false,"template":"","format":"standard","meta":{"footnotes":""},"categories":[7],"tags":[],"class_list":["post-6786","post","type-post","status-publish","format-standard","has-post-thumbnail","hentry","category-ecologicas"],"_links":{"self":[{"href":"https:\/\/sertv.gob.pa\/crisolfm\/wp-json\/wp\/v2\/posts\/6786","targetHints":{"allow":["GET"]}}],"collection":[{"href":"https:\/\/sertv.gob.pa\/crisolfm\/wp-json\/wp\/v2\/posts"}],"about":[{"href":"https:\/\/sertv.gob.pa\/crisolfm\/wp-json\/wp\/v2\/types\/post"}],"author":[{"embeddable":true,"href":"https:\/\/sertv.gob.pa\/crisolfm\/wp-json\/wp\/v2\/users\/1"}],"replies":[{"embeddable":true,"href":"https:\/\/sertv.gob.pa\/crisolfm\/wp-json\/wp\/v2\/comments?post=6786"}],"version-history":[{"count":0,"href":"https:\/\/sertv.gob.pa\/crisolfm\/wp-json\/wp\/v2\/posts\/6786\/revisions"}],"wp:featuredmedia":[{"embeddable":true,"href":"https:\/\/sertv.gob.pa\/crisolfm\/wp-json\/wp\/v2\/media\/6787"}],"wp:attachment":[{"href":"https:\/\/sertv.gob.pa\/crisolfm\/wp-json\/wp\/v2\/media?parent=6786"}],"wp:term":[{"taxonomy":"category","embeddable":true,"href":"https:\/\/sertv.gob.pa\/crisolfm\/wp-json\/wp\/v2\/categories?post=6786"},{"taxonomy":"post_tag","embeddable":true,"href":"https:\/\/sertv.gob.pa\/crisolfm\/wp-json\/wp\/v2\/tags?post=6786"}],"curies":[{"name":"wp","href":"https:\/\/api.w.org\/{rel}","templated":true}]}}