{"id":67862,"date":"2025-01-07T15:53:55","date_gmt":"2025-01-07T15:53:55","guid":{"rendered":"https:\/\/sertv.gob.pa\/crisolfm\/?p=67862"},"modified":"2025-01-07T15:53:55","modified_gmt":"2025-01-07T15:53:55","slug":"medicos-veterinarios-continuan-internado-en-el-mida-para-reforzar-el-sector-agropecuario","status":"publish","type":"post","link":"https:\/\/sertv.gob.pa\/crisolfm\/medicos-veterinarios-continuan-internado-en-el-mida-para-reforzar-el-sector-agropecuario\/","title":{"rendered":"M\u00e9dicos veterinarios contin\u00faan internado en el MIDA para reforzar el sector agropecuario"},"content":{"rendered":"<div class=\"fusion-fullwidth fullwidth-box fusion-builder-row-1 fusion-flex-container has-pattern-background has-mask-background nonhundred-percent-fullwidth non-hundred-percent-height-scrolling\" style=\"--awb-border-radius-top-left:0px;--awb-border-radius-top-right:0px;--awb-border-radius-bottom-right:0px;--awb-border-radius-bottom-left:0px;--awb-flex-wrap:wrap;\" ><div class=\"fusion-builder-row fusion-row fusion-flex-align-items-flex-start fusion-flex-content-wrap\" style=\"max-width:1144px;margin-left: calc(-4% \/ 2 );margin-right: calc(-4% \/ 2 );\"><div class=\"fusion-layout-column fusion_builder_column fusion-builder-column-0 fusion_builder_column_1_1 1_1 fusion-flex-column\" style=\"--awb-bg-size:cover;--awb-width-large:100%;--awb-margin-top-large:0px;--awb-spacing-right-large:1.92%;--awb-margin-bottom-large:20px;--awb-spacing-left-large:1.92%;--awb-width-medium:100%;--awb-order-medium:0;--awb-spacing-right-medium:1.92%;--awb-spacing-left-medium:1.92%;--awb-width-small:100%;--awb-order-small:0;--awb-spacing-right-small:1.92%;--awb-spacing-left-small:1.92%;\"><div class=\"fusion-column-wrapper fusion-column-has-shadow fusion-flex-justify-content-flex-start fusion-content-layout-column\"><div class=\"fusion-text fusion-text-1\"><p><em><strong>Un total de 27 m\u00e9dicos veterinarios contin\u00faan su etapa de internado en el Ministerio de Desarrollo Agropecuario (MIDA), en concordancia con el plan de trabajo establecido por la instituci\u00f3n sobre docencia para estos profesionales de la salud animal.<\/strong><\/em><\/p>\n<p><em><strong>Durante este primer a\u00f1o de internado, y luego de pasar por las Direcciones de Ganader\u00eda y Cuarentena Agropecuaria, los profesionales inician este 6 de enero su etapa de formaci\u00f3n en la Direcci\u00f3n Nacional de Salud Animal de la instituci\u00f3n.<\/strong><\/em><\/p>\n<p>En un peque\u00f1o acto de recibimiento, personal de Salud Animal, dio la bienvenida a los m\u00e9dicos veterinarios que estar\u00e1n realizando las pr\u00e1cticas en las instalaciones de esta dependencia ubicada en R\u00edo Tapia, Tocumen, y en las diferentes regionales del MIDA.<\/p>\n<p>El Dr. Reinaldo Viveros, director nacional de Salud Animal, destac\u00f3 la valiosa oportunidad que representa la aplicaci\u00f3n en el \u00e1mbito profesional de los conocimientos adquiridos bajo la tutor\u00eda de los m\u00e9dicos veterinarios de la instituci\u00f3n.<\/p>\n<p>El funcionario resalt\u00f3 la importancia de la capacitaci\u00f3n continua, el dominio de las normativas y los procedimientos que regulan las actividades que desarrollan los profesionales de la medicina veterinaria.<\/p>\n<p>En este sentido, puso de relevancia la necesidad de contar con un relevo generacional que fortalezca al sector pecuario con la incorporaci\u00f3n de personal id\u00f3neo.<\/p>\n<p>Por su parte, Manuel Gonz\u00e1lez Cano, quien representa al MIDA en la Comisi\u00f3n Nacional de Docencia e Internado, felicit\u00f3 a los tutores por el dinamismo y grado de responsabilidad e inst\u00f3 a los m\u00e9dicos veterinarios internos a la asimilaci\u00f3n de los saberes que adquirir\u00e1n durante su pr\u00e1ctica en los diferentes departamentos que componen la Direcci\u00f3n Nacional de Salud Animal.<\/p>\n<p>Gonz\u00e1lez acot\u00f3, adem\u00e1s, que ya se efectuaron los contactos con las regionales del MIDA y los Coordinadores de Salud Animal, quienes en base a un cronograma de trabajo contar\u00e1n con la participaci\u00f3n de los internos en las actividades zoosanitarias programadas.<\/p>\n<p>Mientras que, el Dr. Alexis Villarreal, encargado de la Comisi\u00f3n de Docencia por parte de la Direcci\u00f3n de Salud Animal, recalc\u00f3 la importancia del contacto con el productor que se dar\u00e1 al momento de brindar asistencia t\u00e9cnica durante las campa\u00f1as zoosanitarias, correspondientes a los diferentes programas y actividades de vigilancia epidemiol\u00f3gica que se ejecutar\u00e1n en campo.<\/p>\n<p>Los m\u00e9dicos veterinarios internos, expresaron su agradecimiento al personal del MIDA por el tiempo dedicado y las experiencias y conocimientos compartidos y adquiridos a la fecha.<\/p>\n<p>Fuente: MIDA<\/p>\n<\/div><div class=\"awb-gallery-wrapper awb-gallery-wrapper-1 button-span-no\" style=\"--more-btn-alignment:center;\"><div style=\"margin:-5px;--awb-bordersize:0px;\" class=\"fusion-gallery fusion-gallery-container fusion-grid-3 fusion-columns-total-2 fusion-gallery-layout-grid fusion-gallery-1\"><div style=\"padding:5px;\" class=\"fusion-grid-column fusion-gallery-column fusion-gallery-column-3 hover-type-none\"><div class=\"fusion-gallery-image\"><a href=\"https:\/\/sertv.gob.pa\/crisolfm\/wp-content\/uploads\/sites\/2\/2025\/01\/MEDICOS-VETERINARIOS-2.jpg\" rel=\"noreferrer\" data-rel=\"iLightbox[gallery_image_1]\" class=\"fusion-lightbox\" target=\"_self\"><img decoding=\"async\" src=\"https:\/\/sertv.gob.pa\/crisolfm\/wp-content\/uploads\/sites\/2\/2025\/01\/MEDICOS-VETERINARIOS-2.jpg\" width=\"600\" height=\"450\" alt=\"\" title=\"M\u00c9DICOS VETERINARIOS 2\" aria-label=\"M\u00c9DICOS VETERINARIOS 2\" class=\"img-responsive wp-image-67864\" srcset=\"https:\/\/sertv.gob.pa\/crisolfm\/wp-content\/uploads\/sites\/2\/2025\/01\/MEDICOS-VETERINARIOS-2-200x150.jpg 200w, https:\/\/sertv.gob.pa\/crisolfm\/wp-content\/uploads\/sites\/2\/2025\/01\/MEDICOS-VETERINARIOS-2-400x300.jpg 400w, https:\/\/sertv.gob.pa\/crisolfm\/wp-content\/uploads\/sites\/2\/2025\/01\/MEDICOS-VETERINARIOS-2.jpg 600w\" sizes=\"(min-width: 2200px) 100vw, (min-width: 784px) 363px, (min-width: 712px) 545px, (min-width: 640px) 712px, \" \/><\/a><\/div><\/div><div style=\"padding:5px;\" class=\"fusion-grid-column fusion-gallery-column fusion-gallery-column-3 hover-type-none\"><div class=\"fusion-gallery-image\"><a href=\"https:\/\/sertv.gob.pa\/crisolfm\/wp-content\/uploads\/sites\/2\/2025\/01\/MEDICOS-VETERINARIOS-3.jpg\" rel=\"noreferrer\" data-rel=\"iLightbox[gallery_image_1]\" class=\"fusion-lightbox\" target=\"_self\"><img decoding=\"async\" src=\"https:\/\/sertv.gob.pa\/crisolfm\/wp-content\/uploads\/sites\/2\/2025\/01\/MEDICOS-VETERINARIOS-3.jpg\" width=\"600\" height=\"450\" alt=\"\" title=\"M\u00c9DICOS VETERINARIOS 3\" aria-label=\"M\u00c9DICOS VETERINARIOS 3\" class=\"img-responsive wp-image-67865\" srcset=\"https:\/\/sertv.gob.pa\/crisolfm\/wp-content\/uploads\/sites\/2\/2025\/01\/MEDICOS-VETERINARIOS-3-200x150.jpg 200w, https:\/\/sertv.gob.pa\/crisolfm\/wp-content\/uploads\/sites\/2\/2025\/01\/MEDICOS-VETERINARIOS-3-400x300.jpg 400w, https:\/\/sertv.gob.pa\/crisolfm\/wp-content\/uploads\/sites\/2\/2025\/01\/MEDICOS-VETERINARIOS-3.jpg 600w\" sizes=\"(min-width: 2200px) 100vw, (min-width: 784px) 363px, (min-width: 712px) 545px, (min-width: 640px) 712px, \" \/><\/a><\/div><\/div><\/div><\/div><\/div><\/div><\/div><\/div>\n","protected":false},"excerpt":{"rendered":"","protected":false},"author":9,"featured_media":67863,"comment_status":"closed","ping_status":"closed","sticky":false,"template":"","format":"standard","meta":{"footnotes":""},"categories":[14],"tags":[],"class_list":["post-67862","post","type-post","status-publish","format-standard","has-post-thumbnail","hentry","category-salud"],"_links":{"self":[{"href":"https:\/\/sertv.gob.pa\/crisolfm\/wp-json\/wp\/v2\/posts\/67862","targetHints":{"allow":["GET"]}}],"collection":[{"href":"https:\/\/sertv.gob.pa\/crisolfm\/wp-json\/wp\/v2\/posts"}],"about":[{"href":"https:\/\/sertv.gob.pa\/crisolfm\/wp-json\/wp\/v2\/types\/post"}],"author":[{"embeddable":true,"href":"https:\/\/sertv.gob.pa\/crisolfm\/wp-json\/wp\/v2\/users\/9"}],"replies":[{"embeddable":true,"href":"https:\/\/sertv.gob.pa\/crisolfm\/wp-json\/wp\/v2\/comments?post=67862"}],"version-history":[{"count":1,"href":"https:\/\/sertv.gob.pa\/crisolfm\/wp-json\/wp\/v2\/posts\/67862\/revisions"}],"predecessor-version":[{"id":67866,"href":"https:\/\/sertv.gob.pa\/crisolfm\/wp-json\/wp\/v2\/posts\/67862\/revisions\/67866"}],"wp:featuredmedia":[{"embeddable":true,"href":"https:\/\/sertv.gob.pa\/crisolfm\/wp-json\/wp\/v2\/media\/67863"}],"wp:attachment":[{"href":"https:\/\/sertv.gob.pa\/crisolfm\/wp-json\/wp\/v2\/media?parent=67862"}],"wp:term":[{"taxonomy":"category","embeddable":true,"href":"https:\/\/sertv.gob.pa\/crisolfm\/wp-json\/wp\/v2\/categories?post=67862"},{"taxonomy":"post_tag","embeddable":true,"href":"https:\/\/sertv.gob.pa\/crisolfm\/wp-json\/wp\/v2\/tags?post=67862"}],"curies":[{"name":"wp","href":"https:\/\/api.w.org\/{rel}","templated":true}]}}