{"id":67867,"date":"2025-01-07T16:25:51","date_gmt":"2025-01-07T16:25:51","guid":{"rendered":"https:\/\/sertv.gob.pa\/crisolfm\/?p=67867"},"modified":"2025-01-07T16:25:51","modified_gmt":"2025-01-07T16:25:51","slug":"apendicitis-emergencia-comun-en-la-policlinica-jj-vallarino","status":"publish","type":"post","link":"https:\/\/sertv.gob.pa\/crisolfm\/apendicitis-emergencia-comun-en-la-policlinica-jj-vallarino\/","title":{"rendered":"Apendicitis: emergencia com\u00fan en la Policl\u00ednica JJ Vallarino"},"content":{"rendered":"<div class=\"fusion-fullwidth fullwidth-box fusion-builder-row-1 fusion-flex-container has-pattern-background has-mask-background nonhundred-percent-fullwidth non-hundred-percent-height-scrolling\" style=\"--awb-border-radius-top-left:0px;--awb-border-radius-top-right:0px;--awb-border-radius-bottom-right:0px;--awb-border-radius-bottom-left:0px;--awb-flex-wrap:wrap;\" ><div class=\"fusion-builder-row fusion-row fusion-flex-align-items-flex-start fusion-flex-content-wrap\" style=\"max-width:1144px;margin-left: calc(-4% \/ 2 );margin-right: calc(-4% \/ 2 );\"><div class=\"fusion-layout-column fusion_builder_column fusion-builder-column-0 fusion_builder_column_1_1 1_1 fusion-flex-column\" style=\"--awb-bg-size:cover;--awb-width-large:100%;--awb-margin-top-large:0px;--awb-spacing-right-large:1.92%;--awb-margin-bottom-large:20px;--awb-spacing-left-large:1.92%;--awb-width-medium:100%;--awb-order-medium:0;--awb-spacing-right-medium:1.92%;--awb-spacing-left-medium:1.92%;--awb-width-small:100%;--awb-order-small:0;--awb-spacing-right-small:1.92%;--awb-spacing-left-small:1.92%;\"><div class=\"fusion-column-wrapper fusion-column-has-shadow fusion-flex-justify-content-flex-start fusion-content-layout-column\"><div class=\"fusion-text fusion-text-1\"><p><em><strong>La apendicitis es una de las emergencias quir\u00fargicas m\u00e1s comunes que requieren atenci\u00f3n urgente en la Policl\u00ednica \u201cDr. Jos\u00e9 Joaqu\u00edn Vallarino\u00a0 Z.\u201d en Juan D\u00edaz.<\/strong><\/em><\/p>\n<p><strong>El ap\u00e9ndice, un peque\u00f1o \u00f3rgano en forma de tubo que se encuentra en el lado derecho del abdomen, conectado al intestino grueso, se\u00f1al\u00f3 Crist\u00f3bal Urriola, m\u00e9dico cirujano general y jefe del Servicio de Cirug\u00eda Ambulatoria en esa unidad ejecutora.<\/strong><\/p>\n<p>La apendicitis afecta, mayormente, a personas entre 10 y 30 a\u00f1os. \u201cBuscar atenci\u00f3n m\u00e9dica r\u00e1pidamente es crucial para evitar complicaciones graves\u201d agreg\u00f3 el galeno<\/p>\n<p>La enfermedad generalmente se manifiesta a trav\u00e9s de una serie de s\u00edntomas que pueden incluir:<\/p>\n<ul>\n<li><em><strong>Dolor abdominal:<\/strong> <\/em>El s\u00edntoma m\u00e1s caracter\u00edstico. El dolor suele comenzar alrededor del ombligo y luego se desplaza hacia la parte inferior derecha del abdomen. El dolor puede ser agudo y empeorar con el movimiento, la tos o el estornudo.<\/li>\n<li><strong><em>Sensibilidad abdominal:<\/em><\/strong> Al tocar el abdomen, especialmente en la parte inferior derecha, el \u00e1rea puede ser dolorosa.<\/li>\n<li><strong><em>P\u00e9rdida de apetito:<\/em><\/strong> La mayor\u00eda de las personas con apendicitis experimentan una disminuci\u00f3n del apetito.<\/li>\n<li><strong><em>N\u00e1useas y v\u00f3mitos:<\/em> <\/strong>Estos s\u00edntomas son comunes y a menudo ocurren despu\u00e9s del inicio del dolor abdominal.<\/li>\n<li><strong><em>Fiebre:<\/em> <\/strong>Puede presentarse fiebre leve, generalmente alrededor de 37.5 a 38.3 \u00b0C.<\/li>\n<li><strong><em>Estre\u00f1imiento o diarrea:<\/em> <\/strong>Algunas personas pueden experimentar cambios en los h\u00e1bitos intestinales.<\/li>\n<li><em><strong>Malestar general:<\/strong> <\/em>Sensaci\u00f3n de malestar o debilidad.<\/li>\n<\/ul>\n<p><strong>El cirujano explic\u00f3 que la apendicitis a menudo se produce cuando el ap\u00e9ndice se obstruye, lo que puede ser causado por un fecalito (una peque\u00f1a masa de heces), un tumor, una infecci\u00f3n o inflamaci\u00f3n de los tejidos adyacentes.<\/strong><\/p>\n<p>Si no se trata, la apendicitis puede provocar complicaciones graves, como:<\/p>\n<ul>\n<li><strong><em>Ruptura del ap\u00e9ndice:<\/em><\/strong> Esto puede provocar peritonitis (infecci\u00f3n de la cavidad abdominal), que es una condici\u00f3n potencialmente mortal.<\/li>\n<li><strong><em>Absceso:<\/em><\/strong> Puede formarse alrededor del ap\u00e9ndice inflamado.<\/li>\n<li><em><strong>Sepsis:<\/strong><\/em> Una infecci\u00f3n grave que puede resultar de una ruptura y que puede afectar todo el cuerpo.<\/li>\n<\/ul>\n<p><strong>El especialista agreg\u00f3 que el tratamiento principal para la apendicitis es la apendicetom\u00eda, que es la cirug\u00eda para extirpar el ap\u00e9ndice, la cual suele ser segura y efectiva. Concluy\u00f3 que, en algunos casos, si la apendicitis es leve o si hay un absceso, puede ser tratada inicialmente con antibi\u00f3ticos y drenaje del absceso.<\/strong><\/p>\n<p>Fuente: CSS<\/p>\n<\/div><div class=\"awb-gallery-wrapper awb-gallery-wrapper-1 button-span-no\" style=\"--more-btn-alignment:center;\"><div style=\"margin:-5px;--awb-bordersize:0px;\" class=\"fusion-gallery fusion-gallery-container fusion-grid-3 fusion-columns-total-3 fusion-gallery-layout-grid fusion-gallery-1\"><div style=\"padding:5px;\" class=\"fusion-grid-column fusion-gallery-column fusion-gallery-column-3 hover-type-none\"><div class=\"fusion-gallery-image\"><a href=\"https:\/\/sertv.gob.pa\/crisolfm\/wp-content\/uploads\/sites\/2\/2025\/01\/APENDICITIS-2.jpg\" rel=\"noreferrer\" data-rel=\"iLightbox[gallery_image_1]\" class=\"fusion-lightbox\" target=\"_self\"><img decoding=\"async\" src=\"https:\/\/sertv.gob.pa\/crisolfm\/wp-content\/uploads\/sites\/2\/2025\/01\/APENDICITIS-2.jpg\" width=\"800\" height=\"527\" alt=\"\" title=\"APENDICITIS 2\" aria-label=\"APENDICITIS 2\" class=\"img-responsive wp-image-67869\" srcset=\"https:\/\/sertv.gob.pa\/crisolfm\/wp-content\/uploads\/sites\/2\/2025\/01\/APENDICITIS-2-200x132.jpg 200w, https:\/\/sertv.gob.pa\/crisolfm\/wp-content\/uploads\/sites\/2\/2025\/01\/APENDICITIS-2-400x264.jpg 400w, https:\/\/sertv.gob.pa\/crisolfm\/wp-content\/uploads\/sites\/2\/2025\/01\/APENDICITIS-2-600x395.jpg 600w, https:\/\/sertv.gob.pa\/crisolfm\/wp-content\/uploads\/sites\/2\/2025\/01\/APENDICITIS-2.jpg 800w\" sizes=\"(min-width: 2200px) 100vw, (min-width: 784px) 363px, (min-width: 712px) 545px, (min-width: 640px) 712px, \" \/><\/a><\/div><\/div><div style=\"padding:5px;\" class=\"fusion-grid-column fusion-gallery-column fusion-gallery-column-3 hover-type-none\"><div class=\"fusion-gallery-image\"><a href=\"https:\/\/sertv.gob.pa\/crisolfm\/wp-content\/uploads\/sites\/2\/2025\/01\/APENDICITIS-3.jpg\" rel=\"noreferrer\" data-rel=\"iLightbox[gallery_image_1]\" class=\"fusion-lightbox\" target=\"_self\"><img decoding=\"async\" src=\"https:\/\/sertv.gob.pa\/crisolfm\/wp-content\/uploads\/sites\/2\/2025\/01\/APENDICITIS-3.jpg\" width=\"800\" height=\"600\" alt=\"\" title=\"APENDICITIS 3\" aria-label=\"APENDICITIS 3\" class=\"img-responsive wp-image-67870\" srcset=\"https:\/\/sertv.gob.pa\/crisolfm\/wp-content\/uploads\/sites\/2\/2025\/01\/APENDICITIS-3-200x150.jpg 200w, https:\/\/sertv.gob.pa\/crisolfm\/wp-content\/uploads\/sites\/2\/2025\/01\/APENDICITIS-3-400x300.jpg 400w, https:\/\/sertv.gob.pa\/crisolfm\/wp-content\/uploads\/sites\/2\/2025\/01\/APENDICITIS-3-600x450.jpg 600w, https:\/\/sertv.gob.pa\/crisolfm\/wp-content\/uploads\/sites\/2\/2025\/01\/APENDICITIS-3.jpg 800w\" sizes=\"(min-width: 2200px) 100vw, (min-width: 784px) 363px, (min-width: 712px) 545px, (min-width: 640px) 712px, \" \/><\/a><\/div><\/div><div style=\"padding:5px;\" class=\"fusion-grid-column fusion-gallery-column fusion-gallery-column-3 hover-type-none\"><div class=\"fusion-gallery-image\"><a href=\"https:\/\/sertv.gob.pa\/crisolfm\/wp-content\/uploads\/sites\/2\/2025\/01\/APENDICITIS-4.jpg\" rel=\"noreferrer\" data-rel=\"iLightbox[gallery_image_1]\" class=\"fusion-lightbox\" target=\"_self\"><img decoding=\"async\" src=\"https:\/\/sertv.gob.pa\/crisolfm\/wp-content\/uploads\/sites\/2\/2025\/01\/APENDICITIS-4.jpg\" width=\"800\" height=\"600\" alt=\"\" title=\"APENDICITIS 4\" aria-label=\"APENDICITIS 4\" class=\"img-responsive wp-image-67871\" srcset=\"https:\/\/sertv.gob.pa\/crisolfm\/wp-content\/uploads\/sites\/2\/2025\/01\/APENDICITIS-4-200x150.jpg 200w, https:\/\/sertv.gob.pa\/crisolfm\/wp-content\/uploads\/sites\/2\/2025\/01\/APENDICITIS-4-400x300.jpg 400w, https:\/\/sertv.gob.pa\/crisolfm\/wp-content\/uploads\/sites\/2\/2025\/01\/APENDICITIS-4-600x450.jpg 600w, https:\/\/sertv.gob.pa\/crisolfm\/wp-content\/uploads\/sites\/2\/2025\/01\/APENDICITIS-4.jpg 800w\" sizes=\"(min-width: 2200px) 100vw, (min-width: 784px) 363px, (min-width: 712px) 545px, (min-width: 640px) 712px, \" \/><\/a><\/div><\/div><div class=\"clearfix\"><\/div><\/div><\/div><\/div><\/div><\/div><\/div>\n","protected":false},"excerpt":{"rendered":"","protected":false},"author":9,"featured_media":67868,"comment_status":"closed","ping_status":"closed","sticky":false,"template":"","format":"standard","meta":{"footnotes":""},"categories":[14],"tags":[],"class_list":["post-67867","post","type-post","status-publish","format-standard","has-post-thumbnail","hentry","category-salud"],"_links":{"self":[{"href":"https:\/\/sertv.gob.pa\/crisolfm\/wp-json\/wp\/v2\/posts\/67867","targetHints":{"allow":["GET"]}}],"collection":[{"href":"https:\/\/sertv.gob.pa\/crisolfm\/wp-json\/wp\/v2\/posts"}],"about":[{"href":"https:\/\/sertv.gob.pa\/crisolfm\/wp-json\/wp\/v2\/types\/post"}],"author":[{"embeddable":true,"href":"https:\/\/sertv.gob.pa\/crisolfm\/wp-json\/wp\/v2\/users\/9"}],"replies":[{"embeddable":true,"href":"https:\/\/sertv.gob.pa\/crisolfm\/wp-json\/wp\/v2\/comments?post=67867"}],"version-history":[{"count":1,"href":"https:\/\/sertv.gob.pa\/crisolfm\/wp-json\/wp\/v2\/posts\/67867\/revisions"}],"predecessor-version":[{"id":67872,"href":"https:\/\/sertv.gob.pa\/crisolfm\/wp-json\/wp\/v2\/posts\/67867\/revisions\/67872"}],"wp:featuredmedia":[{"embeddable":true,"href":"https:\/\/sertv.gob.pa\/crisolfm\/wp-json\/wp\/v2\/media\/67868"}],"wp:attachment":[{"href":"https:\/\/sertv.gob.pa\/crisolfm\/wp-json\/wp\/v2\/media?parent=67867"}],"wp:term":[{"taxonomy":"category","embeddable":true,"href":"https:\/\/sertv.gob.pa\/crisolfm\/wp-json\/wp\/v2\/categories?post=67867"},{"taxonomy":"post_tag","embeddable":true,"href":"https:\/\/sertv.gob.pa\/crisolfm\/wp-json\/wp\/v2\/tags?post=67867"}],"curies":[{"name":"wp","href":"https:\/\/api.w.org\/{rel}","templated":true}]}}