{"id":6788,"date":"2016-11-24T15:46:24","date_gmt":"2016-11-24T15:46:24","guid":{"rendered":""},"modified":"2016-11-24T15:46:24","modified_gmt":"2016-11-24T15:46:24","slug":"en-tokio-cae-nieve-luego-de-54-anos","status":"publish","type":"post","link":"https:\/\/sertv.gob.pa\/crisolfm\/en-tokio-cae-nieve-luego-de-54-anos\/","title":{"rendered":"En Tokio cae nieve luego de 54 a\u00f1os"},"content":{"rendered":"<p>\nLa Agencia Meteorol\u00f3gica de Jap\u00f3n (JMA) dio a conocer que una inusual bajada de temperaturas hizo que cayera hoy sobre Tokio la primera nevada que se registra en noviembre en la capital en 54 a\u00f1os. <\/p>\n<p>El organismo espera una acumulaci\u00f3n de nieve de dos cent\u00edmetros en el centro Tokio y de 17 cent\u00edmetros a las afueras de la capital, despu\u00e9s de que las temperaturas cayeran hoy cerca o por debajo de los cero grados, posibilitando el fen\u00f3meno atmosf\u00e9rico. <\/p>\n<p>La nevada de hoy ha batido otro r\u00e9cord ya que ha sido la primera vez que cuajaba la nieve en las calles de la capital en un mes de noviembre desde que empezaron los registros de la JMA en 1875. El consumo el\u00e9ctrico de la capital japonesa lleg\u00f3 a alcanzar el 95 por ciento de la capacidad de suministro de la red el\u00e9ctrica esta ma\u00f1ana, debido al incremento del uso de calefacci\u00f3n, seg\u00fan confirm\u00f3 Tokio Electric Power (TEPCO). <\/p>\n<p>La empresa solicit\u00f3 en su p\u00e1gina web que se ahorre electricidad para poder hacer frente a esta fuerte demanda en la ciudad, m\u00e1s acostumbrada a los terremotos que a la nieve. <\/p>\n<p>La red de transporte igualmente se vio afectada por esta imprevista nevada: algunas l\u00edneas de cercan\u00edas fueron suspendidas o sufrieron retrasos durante la ma\u00f1ana debido a la acumulaci\u00f3n de nieve sobre las v\u00edas de tren. <\/p>\n<p>Por su parte, la compa\u00f1\u00eda a\u00e9rea nipona ANA tuvo que cancelar seis vuelos desde el aeropuerto tokiota de Haneda por el efecto de la nevada. <\/p>\n<p>Seg\u00fan la agencia climatol\u00f3gica japonesa, la causa del fen\u00f3meno es un frente que se movi\u00f3 hacia el este cerca de las islas de Izu (situadas al sur de la bah\u00eda de Tokio), y una masa de aire fr\u00edo de una temperatura de tres grados bajo cero y una altitud de unos 1.500 metros que se extendi\u00f3 sobre la regi\u00f3n de Kanto.\u00a0 <\/p>\n<p>\u00a0 <\/p>\n","protected":false},"excerpt":{"rendered":"<p>La Agencia Meteorol\u00f3gica de Jap\u00f3n (JMA) dio a conocer que <a href=\"https:\/\/sertv.gob.pa\/crisolfm\/en-tokio-cae-nieve-luego-de-54-anos\/\"> [&#8230;]<\/a><\/p>\n","protected":false},"author":1,"featured_media":6789,"comment_status":"closed","ping_status":"closed","sticky":false,"template":"","format":"standard","meta":{"footnotes":""},"categories":[7],"tags":[],"class_list":["post-6788","post","type-post","status-publish","format-standard","has-post-thumbnail","hentry","category-ecologicas"],"_links":{"self":[{"href":"https:\/\/sertv.gob.pa\/crisolfm\/wp-json\/wp\/v2\/posts\/6788","targetHints":{"allow":["GET"]}}],"collection":[{"href":"https:\/\/sertv.gob.pa\/crisolfm\/wp-json\/wp\/v2\/posts"}],"about":[{"href":"https:\/\/sertv.gob.pa\/crisolfm\/wp-json\/wp\/v2\/types\/post"}],"author":[{"embeddable":true,"href":"https:\/\/sertv.gob.pa\/crisolfm\/wp-json\/wp\/v2\/users\/1"}],"replies":[{"embeddable":true,"href":"https:\/\/sertv.gob.pa\/crisolfm\/wp-json\/wp\/v2\/comments?post=6788"}],"version-history":[{"count":0,"href":"https:\/\/sertv.gob.pa\/crisolfm\/wp-json\/wp\/v2\/posts\/6788\/revisions"}],"wp:featuredmedia":[{"embeddable":true,"href":"https:\/\/sertv.gob.pa\/crisolfm\/wp-json\/wp\/v2\/media\/6789"}],"wp:attachment":[{"href":"https:\/\/sertv.gob.pa\/crisolfm\/wp-json\/wp\/v2\/media?parent=6788"}],"wp:term":[{"taxonomy":"category","embeddable":true,"href":"https:\/\/sertv.gob.pa\/crisolfm\/wp-json\/wp\/v2\/categories?post=6788"},{"taxonomy":"post_tag","embeddable":true,"href":"https:\/\/sertv.gob.pa\/crisolfm\/wp-json\/wp\/v2\/tags?post=6788"}],"curies":[{"name":"wp","href":"https:\/\/api.w.org\/{rel}","templated":true}]}}