{"id":6790,"date":"2016-11-24T15:56:25","date_gmt":"2016-11-24T15:56:25","guid":{"rendered":""},"modified":"2016-11-24T15:56:25","modified_gmt":"2016-11-24T15:56:25","slug":"plan-de-pesca-sostenible-sera-presentado-por-el-gobierno","status":"publish","type":"post","link":"https:\/\/sertv.gob.pa\/crisolfm\/plan-de-pesca-sostenible-sera-presentado-por-el-gobierno\/","title":{"rendered":"Plan de pesca sostenible ser\u00e1 presentado por el Gobierno"},"content":{"rendered":"<p>\nEl Gobierno Nacional, a trav\u00e9s de la Autoridad de los Recursos Acu\u00e1ticos de Panam\u00e1 (ARAP), con el apoyo del Ministerio de Desarrollo Agropecuario (MIDA) y el Ministerio de Ambiente, presentar\u00e1 el pr\u00f3ximo 30 de noviembre el Plan de Acci\u00f3n para la Pesca Sostenible en Panam\u00e1. <\/p>\n<p>El documento es el resultado del Di\u00e1logo Nacional por la Pesca que se realiz\u00f3 durante varias semanas con el sector pesquero nacional, inform\u00f3 la ARAP. <\/p>\n<p>&lsquo;El Plan de Acci\u00f3n para la Pesca Sostenible, a corto y mediano plazo, dar\u00e1 respuesta a las inquietudes y necesidades planteadas por los usuarios de los distintos subsectores en este proceso de di\u00e1logo&#8217;, agreg\u00f3 la ARAP. <\/p>\n<p>En la presentaci\u00f3n participar\u00e1n el ministro de Desarrollo Agropecuario, Eduardo Carles; la ministra de Ambiente, Mirei Endara; la administradora de la ARAP, Zuleika Pinz\u00f3n; adem\u00e1s de representantes de la FAO y el PNUD y de los subsectores de la pesca, la academia y oeneg\u00e9s. <\/p>\n<p>\u00a0 <\/p>\n","protected":false},"excerpt":{"rendered":"<p>El Gobierno Nacional, a trav\u00e9s de la Autoridad de los <a href=\"https:\/\/sertv.gob.pa\/crisolfm\/plan-de-pesca-sostenible-sera-presentado-por-el-gobierno\/\"> [&#8230;]<\/a><\/p>\n","protected":false},"author":1,"featured_media":6791,"comment_status":"closed","ping_status":"closed","sticky":false,"template":"","format":"standard","meta":{"footnotes":""},"categories":[7],"tags":[],"class_list":["post-6790","post","type-post","status-publish","format-standard","has-post-thumbnail","hentry","category-ecologicas"],"_links":{"self":[{"href":"https:\/\/sertv.gob.pa\/crisolfm\/wp-json\/wp\/v2\/posts\/6790","targetHints":{"allow":["GET"]}}],"collection":[{"href":"https:\/\/sertv.gob.pa\/crisolfm\/wp-json\/wp\/v2\/posts"}],"about":[{"href":"https:\/\/sertv.gob.pa\/crisolfm\/wp-json\/wp\/v2\/types\/post"}],"author":[{"embeddable":true,"href":"https:\/\/sertv.gob.pa\/crisolfm\/wp-json\/wp\/v2\/users\/1"}],"replies":[{"embeddable":true,"href":"https:\/\/sertv.gob.pa\/crisolfm\/wp-json\/wp\/v2\/comments?post=6790"}],"version-history":[{"count":0,"href":"https:\/\/sertv.gob.pa\/crisolfm\/wp-json\/wp\/v2\/posts\/6790\/revisions"}],"wp:featuredmedia":[{"embeddable":true,"href":"https:\/\/sertv.gob.pa\/crisolfm\/wp-json\/wp\/v2\/media\/6791"}],"wp:attachment":[{"href":"https:\/\/sertv.gob.pa\/crisolfm\/wp-json\/wp\/v2\/media?parent=6790"}],"wp:term":[{"taxonomy":"category","embeddable":true,"href":"https:\/\/sertv.gob.pa\/crisolfm\/wp-json\/wp\/v2\/categories?post=6790"},{"taxonomy":"post_tag","embeddable":true,"href":"https:\/\/sertv.gob.pa\/crisolfm\/wp-json\/wp\/v2\/tags?post=6790"}],"curies":[{"name":"wp","href":"https:\/\/api.w.org\/{rel}","templated":true}]}}