{"id":67927,"date":"2025-01-08T16:25:45","date_gmt":"2025-01-08T16:25:45","guid":{"rendered":"https:\/\/sertv.gob.pa\/crisolfm\/?p=67927"},"modified":"2025-01-08T16:25:45","modified_gmt":"2025-01-08T16:25:45","slug":"conmemoran-dia-mundial-del-braille-con-servicios-de-apoyo-educativo-para-estudiantes-con-discapacidad-visual","status":"publish","type":"post","link":"https:\/\/sertv.gob.pa\/crisolfm\/conmemoran-dia-mundial-del-braille-con-servicios-de-apoyo-educativo-para-estudiantes-con-discapacidad-visual\/","title":{"rendered":"Conmemoran D\u00eda Mundial del Braille con servicios de apoyo educativo para estudiantes con discapacidad visual"},"content":{"rendered":"<div class=\"fusion-fullwidth fullwidth-box fusion-builder-row-1 fusion-flex-container has-pattern-background has-mask-background nonhundred-percent-fullwidth non-hundred-percent-height-scrolling\" style=\"--awb-border-radius-top-left:0px;--awb-border-radius-top-right:0px;--awb-border-radius-bottom-right:0px;--awb-border-radius-bottom-left:0px;--awb-flex-wrap:wrap;\" ><div class=\"fusion-builder-row fusion-row fusion-flex-align-items-flex-start fusion-flex-content-wrap\" style=\"max-width:1144px;margin-left: calc(-4% \/ 2 );margin-right: calc(-4% \/ 2 );\"><div class=\"fusion-layout-column fusion_builder_column fusion-builder-column-0 fusion_builder_column_1_1 1_1 fusion-flex-column\" style=\"--awb-bg-size:cover;--awb-width-large:100%;--awb-margin-top-large:0px;--awb-spacing-right-large:1.92%;--awb-margin-bottom-large:20px;--awb-spacing-left-large:1.92%;--awb-width-medium:100%;--awb-order-medium:0;--awb-spacing-right-medium:1.92%;--awb-spacing-left-medium:1.92%;--awb-width-small:100%;--awb-order-small:0;--awb-spacing-right-small:1.92%;--awb-spacing-left-small:1.92%;\"><div class=\"fusion-column-wrapper fusion-column-has-shadow fusion-flex-justify-content-flex-start fusion-content-layout-column\"><div class=\"fusion-text fusion-text-1\" style=\"--awb-content-alignment:justify;\"><p><em><strong>Este 4 de enero, el Instituto Paname\u00f1o de Habilitaci\u00f3n Especial (IPHE) conmemor\u00f3 el D\u00eda Mundial del Braille, reafirmando su compromiso con la inclusi\u00f3n de las personas con discapacidad visual en Panam\u00e1. A trav\u00e9s del Centro de Recursos Educativos para Personas con Discapacidad Visual Louis Braille (CRELB), el IPHE brinda a los estudiantes con discapacidad visual acceso a herramientas y recursos clave para su desarrollo acad\u00e9mico y personal.<\/strong><\/em><\/p>\n<p>El objetivo del CRELB, es garantizar que los estudiantes con discapacidad visual cuenten con los recursos de la tiflotecnolog\u00eda (tecnolog\u00eda de asistencia) y materiales did\u00e1cticos adaptados, como parte de la estrategia de apoyo al aprendizaje. De esta manera, se busca desarrollar las capacidades intelectuales y acad\u00e9micas de este sector de la poblaci\u00f3n.<\/p>\n<p>A trav\u00e9s de los servicios del Centro Louis Braille, se pretende lograr que las personas con discapacidad visual,\u00a0 tengan acceso a materiales en sistema Braille, en macro tipo y relieve, as\u00ed como a herramientas de tiflotecnolog\u00eda, como softwares y programas que favorezcan su proceso de inclusi\u00f3n educativa.<\/p>\n<p>Entre estos servicios se encuentran las m\u00e1quinas Perkins y tecnolog\u00edas de asistencia (tiflotecnolog\u00eda) para escribir en sistema Braille, materiales did\u00e1cticos adaptados, como impresiones en alto relieve y hojas sueltas en Braille, as\u00ed como apoyos como bastones plegables y punteras giratorias.<\/p>\n<p><em><strong>\u00abEl sistema Braille, representa un puente de comunicaci\u00f3n que trasciende barreras f\u00edsicas, sociales y culturales. Estamos comprometidos a brindar los recursos necesarios para que las personas con discapacidad visual accedan al conocimiento y disfruten de una educaci\u00f3n realmente inclusiva\u00bb, afirm\u00f3 una autoridad del IPHE.<\/strong><\/em><\/p>\n<p>Adem\u00e1s, el Centro Louis Braille, ofrece tutor\u00edas inclusivas mensuales, en las que 24 estudiantes procedentes de diferentes centros educativos refuerzan sus conocimientos. Este centro fue creado en 2010 gracias a la firma de un Convenio de Colaboraci\u00f3n suscrito entre el IPHE, el Ministerio de Educaci\u00f3n de Espa\u00f1a, la Organizaci\u00f3n de Estados Iberoamericanos para la Ciencia la Educaci\u00f3n y la Cultura (O.E.I), la Fundaci\u00f3n Once para Am\u00e9rica Latina (F.O.A.L) y el Ministerio de Educaci\u00f3n (MEDUCA).<\/p>\n<p><em><strong>El 4 de enero, el D\u00eda Mundial del Braille, proclamado por la Organizaci\u00f3n de las Naciones Unidas desde 2018, no solo honra el legado de Louis Braille, sino que tambi\u00e9n reafirma el compromiso de Panam\u00e1 con la plena realizaci\u00f3n de los derechos humanos de las personas ciegas y con baja visi\u00f3n.<\/strong><\/em><\/p>\n<p>Fuente: IPHE<\/p>\n<\/div><div class=\"awb-gallery-wrapper awb-gallery-wrapper-1 button-span-no\" style=\"--more-btn-alignment:center;\"><div style=\"margin:-5px;--awb-bordersize:0px;\" class=\"fusion-gallery fusion-gallery-container fusion-grid-3 fusion-columns-total-6 fusion-gallery-layout-grid fusion-gallery-1\"><div style=\"padding:5px;\" class=\"fusion-grid-column fusion-gallery-column fusion-gallery-column-3 hover-type-none\"><div class=\"fusion-gallery-image\"><a href=\"https:\/\/sertv.gob.pa\/crisolfm\/wp-content\/uploads\/sites\/2\/2025\/01\/BRAILLE-1.jpg\" rel=\"noreferrer\" data-rel=\"iLightbox[gallery_image_1]\" class=\"fusion-lightbox\" target=\"_self\"><img decoding=\"async\" src=\"https:\/\/sertv.gob.pa\/crisolfm\/wp-content\/uploads\/sites\/2\/2025\/01\/BRAILLE-1.jpg\" width=\"400\" height=\"400\" alt=\"\" title=\"BRAILLE 1\" aria-label=\"BRAILLE 1\" class=\"img-responsive wp-image-67929\" srcset=\"https:\/\/sertv.gob.pa\/crisolfm\/wp-content\/uploads\/sites\/2\/2025\/01\/BRAILLE-1-200x200.jpg 200w, https:\/\/sertv.gob.pa\/crisolfm\/wp-content\/uploads\/sites\/2\/2025\/01\/BRAILLE-1.jpg 400w\" sizes=\"(min-width: 2200px) 100vw, (min-width: 784px) 363px, (min-width: 712px) 545px, (min-width: 640px) 712px, \" \/><\/a><\/div><\/div><div style=\"padding:5px;\" class=\"fusion-grid-column fusion-gallery-column fusion-gallery-column-3 hover-type-none\"><div class=\"fusion-gallery-image\"><a href=\"https:\/\/sertv.gob.pa\/crisolfm\/wp-content\/uploads\/sites\/2\/2025\/01\/BRAILLE-3.jpg\" rel=\"noreferrer\" data-rel=\"iLightbox[gallery_image_1]\" class=\"fusion-lightbox\" target=\"_self\"><img decoding=\"async\" src=\"https:\/\/sertv.gob.pa\/crisolfm\/wp-content\/uploads\/sites\/2\/2025\/01\/BRAILLE-3.jpg\" width=\"600\" height=\"450\" alt=\"\" title=\"BRAILLE 3\" aria-label=\"BRAILLE 3\" class=\"img-responsive wp-image-67930\" srcset=\"https:\/\/sertv.gob.pa\/crisolfm\/wp-content\/uploads\/sites\/2\/2025\/01\/BRAILLE-3-200x150.jpg 200w, https:\/\/sertv.gob.pa\/crisolfm\/wp-content\/uploads\/sites\/2\/2025\/01\/BRAILLE-3-400x300.jpg 400w, https:\/\/sertv.gob.pa\/crisolfm\/wp-content\/uploads\/sites\/2\/2025\/01\/BRAILLE-3.jpg 600w\" sizes=\"(min-width: 2200px) 100vw, (min-width: 784px) 363px, (min-width: 712px) 545px, (min-width: 640px) 712px, \" \/><\/a><\/div><\/div><div style=\"padding:5px;\" class=\"fusion-grid-column fusion-gallery-column fusion-gallery-column-3 hover-type-none\"><div class=\"fusion-gallery-image\"><a href=\"https:\/\/sertv.gob.pa\/crisolfm\/wp-content\/uploads\/sites\/2\/2025\/01\/BRAILLE-2.jpg\" rel=\"noreferrer\" data-rel=\"iLightbox[gallery_image_1]\" class=\"fusion-lightbox\" target=\"_self\"><img decoding=\"async\" src=\"https:\/\/sertv.gob.pa\/crisolfm\/wp-content\/uploads\/sites\/2\/2025\/01\/BRAILLE-2.jpg\" width=\"600\" height=\"450\" alt=\"\" title=\"BRAILLE 2\" aria-label=\"BRAILLE 2\" class=\"img-responsive wp-image-67931\" srcset=\"https:\/\/sertv.gob.pa\/crisolfm\/wp-content\/uploads\/sites\/2\/2025\/01\/BRAILLE-2-200x150.jpg 200w, https:\/\/sertv.gob.pa\/crisolfm\/wp-content\/uploads\/sites\/2\/2025\/01\/BRAILLE-2-400x300.jpg 400w, https:\/\/sertv.gob.pa\/crisolfm\/wp-content\/uploads\/sites\/2\/2025\/01\/BRAILLE-2.jpg 600w\" sizes=\"(min-width: 2200px) 100vw, (min-width: 784px) 363px, (min-width: 712px) 545px, (min-width: 640px) 712px, \" \/><\/a><\/div><\/div><div class=\"clearfix\"><\/div><div style=\"padding:5px;\" class=\"fusion-grid-column fusion-gallery-column fusion-gallery-column-3 hover-type-none\"><div class=\"fusion-gallery-image\"><a href=\"https:\/\/sertv.gob.pa\/crisolfm\/wp-content\/uploads\/sites\/2\/2025\/01\/BRAILLE-4.jpg\" rel=\"noreferrer\" data-rel=\"iLightbox[gallery_image_1]\" class=\"fusion-lightbox\" target=\"_self\"><img decoding=\"async\" src=\"https:\/\/sertv.gob.pa\/crisolfm\/wp-content\/uploads\/sites\/2\/2025\/01\/BRAILLE-4.jpg\" width=\"600\" height=\"450\" alt=\"\" title=\"BRAILLE 4\" aria-label=\"BRAILLE 4\" class=\"img-responsive wp-image-67932\" srcset=\"https:\/\/sertv.gob.pa\/crisolfm\/wp-content\/uploads\/sites\/2\/2025\/01\/BRAILLE-4-200x150.jpg 200w, https:\/\/sertv.gob.pa\/crisolfm\/wp-content\/uploads\/sites\/2\/2025\/01\/BRAILLE-4-400x300.jpg 400w, https:\/\/sertv.gob.pa\/crisolfm\/wp-content\/uploads\/sites\/2\/2025\/01\/BRAILLE-4.jpg 600w\" sizes=\"(min-width: 2200px) 100vw, (min-width: 784px) 363px, (min-width: 712px) 545px, (min-width: 640px) 712px, \" \/><\/a><\/div><\/div><div style=\"padding:5px;\" class=\"fusion-grid-column fusion-gallery-column fusion-gallery-column-3 hover-type-none\"><div class=\"fusion-gallery-image\"><a href=\"https:\/\/sertv.gob.pa\/crisolfm\/wp-content\/uploads\/sites\/2\/2025\/01\/BRAILLE-6.jpg\" rel=\"noreferrer\" data-rel=\"iLightbox[gallery_image_1]\" class=\"fusion-lightbox\" target=\"_self\"><img decoding=\"async\" src=\"https:\/\/sertv.gob.pa\/crisolfm\/wp-content\/uploads\/sites\/2\/2025\/01\/BRAILLE-6.jpg\" width=\"600\" height=\"450\" alt=\"\" title=\"BRAILLE 6\" aria-label=\"BRAILLE 6\" class=\"img-responsive wp-image-67933\" srcset=\"https:\/\/sertv.gob.pa\/crisolfm\/wp-content\/uploads\/sites\/2\/2025\/01\/BRAILLE-6-200x150.jpg 200w, https:\/\/sertv.gob.pa\/crisolfm\/wp-content\/uploads\/sites\/2\/2025\/01\/BRAILLE-6-400x300.jpg 400w, https:\/\/sertv.gob.pa\/crisolfm\/wp-content\/uploads\/sites\/2\/2025\/01\/BRAILLE-6.jpg 600w\" sizes=\"(min-width: 2200px) 100vw, (min-width: 784px) 363px, (min-width: 712px) 545px, (min-width: 640px) 712px, \" \/><\/a><\/div><\/div><div style=\"padding:5px;\" class=\"fusion-grid-column fusion-gallery-column fusion-gallery-column-3 hover-type-none\"><div class=\"fusion-gallery-image\"><a href=\"https:\/\/sertv.gob.pa\/crisolfm\/wp-content\/uploads\/sites\/2\/2025\/01\/BRAILLE-7.jpg\" rel=\"noreferrer\" data-rel=\"iLightbox[gallery_image_1]\" class=\"fusion-lightbox\" target=\"_self\"><img decoding=\"async\" src=\"https:\/\/sertv.gob.pa\/crisolfm\/wp-content\/uploads\/sites\/2\/2025\/01\/BRAILLE-7.jpg\" width=\"600\" height=\"450\" alt=\"\" title=\"BRAILLE 7\" aria-label=\"BRAILLE 7\" class=\"img-responsive wp-image-67934\" srcset=\"https:\/\/sertv.gob.pa\/crisolfm\/wp-content\/uploads\/sites\/2\/2025\/01\/BRAILLE-7-200x150.jpg 200w, https:\/\/sertv.gob.pa\/crisolfm\/wp-content\/uploads\/sites\/2\/2025\/01\/BRAILLE-7-400x300.jpg 400w, https:\/\/sertv.gob.pa\/crisolfm\/wp-content\/uploads\/sites\/2\/2025\/01\/BRAILLE-7.jpg 600w\" sizes=\"(min-width: 2200px) 100vw, (min-width: 784px) 363px, (min-width: 712px) 545px, (min-width: 640px) 712px, \" \/><\/a><\/div><\/div><div class=\"clearfix\"><\/div><\/div><\/div><\/div><\/div><\/div><\/div>\n","protected":false},"excerpt":{"rendered":"","protected":false},"author":9,"featured_media":67928,"comment_status":"closed","ping_status":"closed","sticky":false,"template":"","format":"standard","meta":{"footnotes":""},"categories":[14],"tags":[],"class_list":["post-67927","post","type-post","status-publish","format-standard","has-post-thumbnail","hentry","category-salud"],"_links":{"self":[{"href":"https:\/\/sertv.gob.pa\/crisolfm\/wp-json\/wp\/v2\/posts\/67927","targetHints":{"allow":["GET"]}}],"collection":[{"href":"https:\/\/sertv.gob.pa\/crisolfm\/wp-json\/wp\/v2\/posts"}],"about":[{"href":"https:\/\/sertv.gob.pa\/crisolfm\/wp-json\/wp\/v2\/types\/post"}],"author":[{"embeddable":true,"href":"https:\/\/sertv.gob.pa\/crisolfm\/wp-json\/wp\/v2\/users\/9"}],"replies":[{"embeddable":true,"href":"https:\/\/sertv.gob.pa\/crisolfm\/wp-json\/wp\/v2\/comments?post=67927"}],"version-history":[{"count":1,"href":"https:\/\/sertv.gob.pa\/crisolfm\/wp-json\/wp\/v2\/posts\/67927\/revisions"}],"predecessor-version":[{"id":67935,"href":"https:\/\/sertv.gob.pa\/crisolfm\/wp-json\/wp\/v2\/posts\/67927\/revisions\/67935"}],"wp:featuredmedia":[{"embeddable":true,"href":"https:\/\/sertv.gob.pa\/crisolfm\/wp-json\/wp\/v2\/media\/67928"}],"wp:attachment":[{"href":"https:\/\/sertv.gob.pa\/crisolfm\/wp-json\/wp\/v2\/media?parent=67927"}],"wp:term":[{"taxonomy":"category","embeddable":true,"href":"https:\/\/sertv.gob.pa\/crisolfm\/wp-json\/wp\/v2\/categories?post=67927"},{"taxonomy":"post_tag","embeddable":true,"href":"https:\/\/sertv.gob.pa\/crisolfm\/wp-json\/wp\/v2\/tags?post=67927"}],"curies":[{"name":"wp","href":"https:\/\/api.w.org\/{rel}","templated":true}]}}