{"id":67990,"date":"2025-01-10T15:36:18","date_gmt":"2025-01-10T15:36:18","guid":{"rendered":"https:\/\/sertv.gob.pa\/crisolfm\/?p=67990"},"modified":"2025-01-10T15:36:18","modified_gmt":"2025-01-10T15:36:18","slug":"minsa-redobla-operativos-de-vigilancia-sanitaria-a-nivel-nacional","status":"publish","type":"post","link":"https:\/\/sertv.gob.pa\/crisolfm\/minsa-redobla-operativos-de-vigilancia-sanitaria-a-nivel-nacional\/","title":{"rendered":"MINSA redobla operativos de vigilancia sanitaria a nivel nacional"},"content":{"rendered":"<p><em><strong>El viceministro de Salud de Panam\u00e1, Manuel Zambrano Chang, reiter\u00f3 este jueves 9 de enero, que a trav\u00e9s de las regiones de Salud se ha activado y redoblado los operativos de vigilancia sanitaria que buscan garantizar la salud de la poblaci\u00f3n paname\u00f1a.<\/strong><\/em><\/p>\n<p><strong><em>Dijo que. con las celebraciones de diferentes eventos masivos a lo largo y ancho del pa\u00eds, los diferentes equipos de salud coordinan los mecanismos necesarios para estar preparados ante cualquier eventualidad que se presente.<\/em><\/strong><\/p>\n<p><strong><em>\u201cTodas las regiones verificar\u00e1n y trabajar\u00e1n en lo que normalmente realizan cuando se llevan a cabo estos tipos de eventos tales como: ferias, el Desfile de las Mil Polleras, debido a que hay muchos puestos de expendio de alimentos en las calles\u201d, indic\u00f3 el viceministro Zam<\/em>bra<\/strong>no.<\/p>\n<p><strong><em>Agreg\u00f3 que \u201cigualmente se reactivan las alertas para que todas las instalaciones de salud est\u00e9n preparadas para brindar atenci\u00f3n al que lo requiera\u201d.<\/em><\/strong><\/p>\n<p><strong><em>El MINSA, insta a los due\u00f1os de puestos y locales de venta de comidas cumplir con las normas y medidas sanitarias.<\/em><\/strong><\/p>\n<p><strong><em>Se les recuerda a las personas que venden y manipulan alimentos contar con los carn\u00e9s de salud verde y blanco, vigente.<\/em><\/strong><\/p>\n<p><strong><em>Las declaraciones del viceministro de Salud se dieron durante los actos conmemorativos de la gesta patri\u00f3tica del 9 de enero.<\/em><\/strong><\/p>\n<p>&nbsp;<\/p>\n<p>Fuente: MINSA<\/p>\n","protected":false},"excerpt":{"rendered":"<p>El viceministro de Salud de Panam\u00e1, Manuel Zambrano Chang, reiter\u00f3 <a href=\"https:\/\/sertv.gob.pa\/crisolfm\/minsa-redobla-operativos-de-vigilancia-sanitaria-a-nivel-nacional\/\"> [&#8230;]<\/a><\/p>\n","protected":false},"author":9,"featured_media":67991,"comment_status":"closed","ping_status":"closed","sticky":false,"template":"","format":"standard","meta":{"footnotes":""},"categories":[14],"tags":[],"class_list":["post-67990","post","type-post","status-publish","format-standard","has-post-thumbnail","hentry","category-salud"],"_links":{"self":[{"href":"https:\/\/sertv.gob.pa\/crisolfm\/wp-json\/wp\/v2\/posts\/67990","targetHints":{"allow":["GET"]}}],"collection":[{"href":"https:\/\/sertv.gob.pa\/crisolfm\/wp-json\/wp\/v2\/posts"}],"about":[{"href":"https:\/\/sertv.gob.pa\/crisolfm\/wp-json\/wp\/v2\/types\/post"}],"author":[{"embeddable":true,"href":"https:\/\/sertv.gob.pa\/crisolfm\/wp-json\/wp\/v2\/users\/9"}],"replies":[{"embeddable":true,"href":"https:\/\/sertv.gob.pa\/crisolfm\/wp-json\/wp\/v2\/comments?post=67990"}],"version-history":[{"count":1,"href":"https:\/\/sertv.gob.pa\/crisolfm\/wp-json\/wp\/v2\/posts\/67990\/revisions"}],"predecessor-version":[{"id":67992,"href":"https:\/\/sertv.gob.pa\/crisolfm\/wp-json\/wp\/v2\/posts\/67990\/revisions\/67992"}],"wp:featuredmedia":[{"embeddable":true,"href":"https:\/\/sertv.gob.pa\/crisolfm\/wp-json\/wp\/v2\/media\/67991"}],"wp:attachment":[{"href":"https:\/\/sertv.gob.pa\/crisolfm\/wp-json\/wp\/v2\/media?parent=67990"}],"wp:term":[{"taxonomy":"category","embeddable":true,"href":"https:\/\/sertv.gob.pa\/crisolfm\/wp-json\/wp\/v2\/categories?post=67990"},{"taxonomy":"post_tag","embeddable":true,"href":"https:\/\/sertv.gob.pa\/crisolfm\/wp-json\/wp\/v2\/tags?post=67990"}],"curies":[{"name":"wp","href":"https:\/\/api.w.org\/{rel}","templated":true}]}}