{"id":6800,"date":"2016-11-25T14:53:20","date_gmt":"2016-11-25T14:53:20","guid":{"rendered":""},"modified":"2016-11-25T14:53:20","modified_gmt":"2016-11-25T14:53:20","slug":"huracan-otto-se-convierte-en-tormenta-tropical","status":"publish","type":"post","link":"https:\/\/sertv.gob.pa\/crisolfm\/huracan-otto-se-convierte-en-tormenta-tropical\/","title":{"rendered":"Hurac\u00e1n Otto se convierte en tormenta tropical"},"content":{"rendered":"<p>\nEl Instituto Meteorol\u00f3gico Nacional (IMN) pronostic\u00f3 que el hurac\u00e1n Otto saldr\u00e1 ma\u00f1ana del Oc\u00e9ano Pac\u00edfico convertido en tormenta tropical, luego de \u00a0su paso por territorio costarricense y tras haber tocado tambi\u00e9n tierra nicarag\u00fcense en el d\u00eda de ayer. <\/p>\n<p>Seg\u00fan el director del Instituto Nicarag\u00fcense de Estudios Territoriales (Ineter), Marcio Baca, el hurac\u00e1n Otto, categor\u00eda 2, toc\u00f3 ayer suelo nicarag\u00fcense en la provincia de San Juan del Sur con vientos de 175 kil\u00f3metros por hora. El directivo report\u00f3 que el meteoro entr\u00f3 sobre la ciudad de San Juan en la desembocadura del r\u00edo San Juan, casi en el borde de la frontera norte con Costa Rica. <\/p>\n<p>Por su parte, el Instituto Meteorol\u00f3gico Nacional (IMN) inform\u00f3 que el ojo del hurac\u00e1n Otto ingres\u00f3 ayer a territorio costarricense en categor\u00eda 2 con vientos de al menos 150 kil\u00f3metros por hora que azotan con fuerza el norte del pa\u00eds. <\/p>\n<p>&lsquo;Otto persiste como un hurac\u00e1n categor\u00eda 2. Ingres\u00f3 a Costa Rica a las 3 de la tarde de \u00a0ayer (21.00 GMT) en las cercan\u00edas de Los Chiles, provincia de Alajuela (norte), fronteriza con Nicaragua&#8217;, se\u00f1ala el reporte m\u00e1s reciente del IMN. <\/p>\n<p>Seg\u00fan el informe, el fen\u00f3meno se desplaza a 19 kil\u00f3metros por hora con &lsquo;tendencia a degradarse de manera paulatina&#8217;. Va hacia la provincia de Guanacaste (oeste). <\/p>\n<p>\u00a0 <\/p>\n","protected":false},"excerpt":{"rendered":"<p>El Instituto Meteorol\u00f3gico Nacional (IMN) pronostic\u00f3 que el hurac\u00e1n Otto <a href=\"https:\/\/sertv.gob.pa\/crisolfm\/huracan-otto-se-convierte-en-tormenta-tropical\/\"> [&#8230;]<\/a><\/p>\n","protected":false},"author":1,"featured_media":6801,"comment_status":"closed","ping_status":"closed","sticky":false,"template":"","format":"standard","meta":{"footnotes":""},"categories":[7],"tags":[],"class_list":["post-6800","post","type-post","status-publish","format-standard","has-post-thumbnail","hentry","category-ecologicas"],"_links":{"self":[{"href":"https:\/\/sertv.gob.pa\/crisolfm\/wp-json\/wp\/v2\/posts\/6800","targetHints":{"allow":["GET"]}}],"collection":[{"href":"https:\/\/sertv.gob.pa\/crisolfm\/wp-json\/wp\/v2\/posts"}],"about":[{"href":"https:\/\/sertv.gob.pa\/crisolfm\/wp-json\/wp\/v2\/types\/post"}],"author":[{"embeddable":true,"href":"https:\/\/sertv.gob.pa\/crisolfm\/wp-json\/wp\/v2\/users\/1"}],"replies":[{"embeddable":true,"href":"https:\/\/sertv.gob.pa\/crisolfm\/wp-json\/wp\/v2\/comments?post=6800"}],"version-history":[{"count":0,"href":"https:\/\/sertv.gob.pa\/crisolfm\/wp-json\/wp\/v2\/posts\/6800\/revisions"}],"wp:featuredmedia":[{"embeddable":true,"href":"https:\/\/sertv.gob.pa\/crisolfm\/wp-json\/wp\/v2\/media\/6801"}],"wp:attachment":[{"href":"https:\/\/sertv.gob.pa\/crisolfm\/wp-json\/wp\/v2\/media?parent=6800"}],"wp:term":[{"taxonomy":"category","embeddable":true,"href":"https:\/\/sertv.gob.pa\/crisolfm\/wp-json\/wp\/v2\/categories?post=6800"},{"taxonomy":"post_tag","embeddable":true,"href":"https:\/\/sertv.gob.pa\/crisolfm\/wp-json\/wp\/v2\/tags?post=6800"}],"curies":[{"name":"wp","href":"https:\/\/api.w.org\/{rel}","templated":true}]}}