{"id":68099,"date":"2025-01-13T18:33:33","date_gmt":"2025-01-13T18:33:33","guid":{"rendered":"https:\/\/sertv.gob.pa\/crisolfm\/?p=68099"},"modified":"2025-01-13T18:33:33","modified_gmt":"2025-01-13T18:33:33","slug":"apertura-de-planta-para-bovinos-y-porcinos-en-los-santos-fortalece-sector-agropecuario-y-ofrecera-decenas-de-empleos","status":"publish","type":"post","link":"https:\/\/sertv.gob.pa\/crisolfm\/apertura-de-planta-para-bovinos-y-porcinos-en-los-santos-fortalece-sector-agropecuario-y-ofrecera-decenas-de-empleos\/","title":{"rendered":"Apertura de planta para bovinos y porcinos en Los Santos, fortalece sector agropecuario y ofrecer\u00e1 decenas de empleos"},"content":{"rendered":"<p><strong><em>El viceministro de Desarrollo Agropecuario de Panam\u00e1, Francisco Ameglio, inaugur\u00f3 recientemente,la planta PANAMEATS, ubicada en la provincia de Los Santos, una nueva empresa que generar\u00e1 200 empleos directos en esta provincia y fortalecer\u00e1 el sector agropecuario con tecnolog\u00eda amigable con el medio ambiente, y permite mejorar los procesos c\u00e1rnicos para la exportaci\u00f3n.<\/em><\/strong><\/p>\n<p><em><strong>Se trata de una planta para animales bovinos y porcinos, con clasificaci\u00f3n de huella de carbono, la cual cumple con los requisitos para que la carne paname\u00f1a pueda llegar a cualquier parte del mundo.<\/strong><\/em><\/p>\n<p>\u00abEl sue\u00f1o que comenz\u00f3 a forjarse a\u00f1os atr\u00e1s se hace realidad, con el prop\u00f3sito de trabajar de la mano con los productores de Azuero, d\u00e1ndole la oportunidad de crecimiento inmediato, con acompa\u00f1amiento y asesor\u00edas t\u00e9cnicas\u00bb, dijo Ameglio.<\/p>\n<p>El viceministro, en nombre del ministro Roberto Linares, felicit\u00f3 a los directivos de la planta por la gran iniciativa y reiter\u00f3 el compromiso del ministerio en seguir apoyando la industria paname\u00f1a, con los procesos sanitarios y tecnol\u00f3gicos que hagan posible la inocuidad de los alimentos.<\/p>\n<p><em><strong>La planta que se construy\u00f3 con una inversi\u00f3n cercana a los B\/. 12 millones cuenta con una capacidad anual estimada de 60 mil reses y 120 mil cerdos.<\/strong><\/em><\/p>\n<p>El corte inaugural de cinta, estuvo a cargo del viceministro Ameglio, el ministro de Asuntos del Canal, Jos\u00e9 Ram\u00f3n Icaza, la de Trabajo y Desarrollo Laboral, Jackeline Mu\u00f1oz, el de Comercio e Industrias, Julio Molt\u00f3, as\u00ed como socios de la compa\u00f1\u00eda.<\/p>\n<p>&nbsp;<\/p>\n<p>Fuente: MIDA<\/p>\n","protected":false},"excerpt":{"rendered":"<p>El viceministro de Desarrollo Agropecuario de Panam\u00e1, Francisco Ameglio, inaugur\u00f3 <a href=\"https:\/\/sertv.gob.pa\/crisolfm\/apertura-de-planta-para-bovinos-y-porcinos-en-los-santos-fortalece-sector-agropecuario-y-ofrecera-decenas-de-empleos\/\"> [&#8230;]<\/a><\/p>\n","protected":false},"author":9,"featured_media":68100,"comment_status":"closed","ping_status":"closed","sticky":false,"template":"","format":"standard","meta":{"footnotes":""},"categories":[12],"tags":[],"class_list":["post-68099","post","type-post","status-publish","format-standard","has-post-thumbnail","hentry","category-nacionales"],"_links":{"self":[{"href":"https:\/\/sertv.gob.pa\/crisolfm\/wp-json\/wp\/v2\/posts\/68099","targetHints":{"allow":["GET"]}}],"collection":[{"href":"https:\/\/sertv.gob.pa\/crisolfm\/wp-json\/wp\/v2\/posts"}],"about":[{"href":"https:\/\/sertv.gob.pa\/crisolfm\/wp-json\/wp\/v2\/types\/post"}],"author":[{"embeddable":true,"href":"https:\/\/sertv.gob.pa\/crisolfm\/wp-json\/wp\/v2\/users\/9"}],"replies":[{"embeddable":true,"href":"https:\/\/sertv.gob.pa\/crisolfm\/wp-json\/wp\/v2\/comments?post=68099"}],"version-history":[{"count":1,"href":"https:\/\/sertv.gob.pa\/crisolfm\/wp-json\/wp\/v2\/posts\/68099\/revisions"}],"predecessor-version":[{"id":68101,"href":"https:\/\/sertv.gob.pa\/crisolfm\/wp-json\/wp\/v2\/posts\/68099\/revisions\/68101"}],"wp:featuredmedia":[{"embeddable":true,"href":"https:\/\/sertv.gob.pa\/crisolfm\/wp-json\/wp\/v2\/media\/68100"}],"wp:attachment":[{"href":"https:\/\/sertv.gob.pa\/crisolfm\/wp-json\/wp\/v2\/media?parent=68099"}],"wp:term":[{"taxonomy":"category","embeddable":true,"href":"https:\/\/sertv.gob.pa\/crisolfm\/wp-json\/wp\/v2\/categories?post=68099"},{"taxonomy":"post_tag","embeddable":true,"href":"https:\/\/sertv.gob.pa\/crisolfm\/wp-json\/wp\/v2\/tags?post=68099"}],"curies":[{"name":"wp","href":"https:\/\/api.w.org\/{rel}","templated":true}]}}