{"id":68156,"date":"2025-01-14T17:05:25","date_gmt":"2025-01-14T17:05:25","guid":{"rendered":"https:\/\/sertv.gob.pa\/crisolfm\/?p=68156"},"modified":"2025-01-14T17:05:25","modified_gmt":"2025-01-14T17:05:25","slug":"panama-norte-inicia-el-verano-con-una-feria-de-salud-en-el-guarumal","status":"publish","type":"post","link":"https:\/\/sertv.gob.pa\/crisolfm\/panama-norte-inicia-el-verano-con-una-feria-de-salud-en-el-guarumal\/","title":{"rendered":"Panam\u00e1 Norte inicia el verano con una feria de salud en el Guarumal"},"content":{"rendered":"<ul>\n<li><strong><em>Se invita a la comunidad de Guarumal y \u00e1reas aleda\u00f1as a participar<\/em><\/strong><\/li>\n<\/ul>\n<p><em><strong>Los residentes del Guarumal y \u00e1reas aleda\u00f1as del corregimiento de Caimitillo, se beneficiar\u00e1n este 19 de enero de la Primera feria de salud, que realizar\u00e1 la Regi\u00f3n de Salud de Panam\u00e1 Norte<\/strong><\/em>.<\/p>\n<p><strong>Dentro de los servicios que ofrecer\u00e1 la Regi\u00f3n de manera gratuita a todos los asistentes est\u00e1n: Medicina general, pediatr\u00eda, odontolog\u00eda, laboratorios, nutrici\u00f3n, farmacia, vacunaci\u00f3n, trabajo social, toma de pap y promoci\u00f3n de la salud.<\/strong><\/p>\n<p>El Dr. Algis Torres, director regional de salud, se\u00f1al\u00f3 que, esta es la primera feria que se realizar\u00e1 dentro del cronograma establecido para todo el a\u00f1o 2025 y dentro de las ferias se tiene programadas las de manipulador de alimentos, las de implantes subd\u00e9rmicos, de mamograf\u00edas, esterilizaci\u00f3n de mascotas y las de verano seguro y saludable.<\/p>\n<p>Desde hace semanas. el regional y su equipo de trabajo (planificaci\u00f3n, provisi\u00f3n, administraci\u00f3n, promoci\u00f3n de la salud, salud p\u00fablica, relaciones p\u00fablicas, recursos humanos) con sus directoras m\u00e9dicas realizaron el cronograma anual de ferias y actividades regionales.<\/p>\n<p>&nbsp;<\/p>\n<p>Fuente: MINSA<\/p>\n","protected":false},"excerpt":{"rendered":"<p>Se invita a la comunidad de Guarumal y \u00e1reas aleda\u00f1as <a href=\"https:\/\/sertv.gob.pa\/crisolfm\/panama-norte-inicia-el-verano-con-una-feria-de-salud-en-el-guarumal\/\"> [&#8230;]<\/a><\/p>\n","protected":false},"author":9,"featured_media":68157,"comment_status":"closed","ping_status":"closed","sticky":false,"template":"","format":"standard","meta":{"footnotes":""},"categories":[14],"tags":[],"class_list":["post-68156","post","type-post","status-publish","format-standard","has-post-thumbnail","hentry","category-salud"],"_links":{"self":[{"href":"https:\/\/sertv.gob.pa\/crisolfm\/wp-json\/wp\/v2\/posts\/68156","targetHints":{"allow":["GET"]}}],"collection":[{"href":"https:\/\/sertv.gob.pa\/crisolfm\/wp-json\/wp\/v2\/posts"}],"about":[{"href":"https:\/\/sertv.gob.pa\/crisolfm\/wp-json\/wp\/v2\/types\/post"}],"author":[{"embeddable":true,"href":"https:\/\/sertv.gob.pa\/crisolfm\/wp-json\/wp\/v2\/users\/9"}],"replies":[{"embeddable":true,"href":"https:\/\/sertv.gob.pa\/crisolfm\/wp-json\/wp\/v2\/comments?post=68156"}],"version-history":[{"count":1,"href":"https:\/\/sertv.gob.pa\/crisolfm\/wp-json\/wp\/v2\/posts\/68156\/revisions"}],"predecessor-version":[{"id":68158,"href":"https:\/\/sertv.gob.pa\/crisolfm\/wp-json\/wp\/v2\/posts\/68156\/revisions\/68158"}],"wp:featuredmedia":[{"embeddable":true,"href":"https:\/\/sertv.gob.pa\/crisolfm\/wp-json\/wp\/v2\/media\/68157"}],"wp:attachment":[{"href":"https:\/\/sertv.gob.pa\/crisolfm\/wp-json\/wp\/v2\/media?parent=68156"}],"wp:term":[{"taxonomy":"category","embeddable":true,"href":"https:\/\/sertv.gob.pa\/crisolfm\/wp-json\/wp\/v2\/categories?post=68156"},{"taxonomy":"post_tag","embeddable":true,"href":"https:\/\/sertv.gob.pa\/crisolfm\/wp-json\/wp\/v2\/tags?post=68156"}],"curies":[{"name":"wp","href":"https:\/\/api.w.org\/{rel}","templated":true}]}}