{"id":68211,"date":"2025-01-15T15:47:18","date_gmt":"2025-01-15T15:47:18","guid":{"rendered":"https:\/\/sertv.gob.pa\/crisolfm\/?p=68211"},"modified":"2025-01-15T15:47:18","modified_gmt":"2025-01-15T15:47:18","slug":"estudiantes-de-darien-disfrutan-de-actividades-del-verano-feliz","status":"publish","type":"post","link":"https:\/\/sertv.gob.pa\/crisolfm\/estudiantes-de-darien-disfrutan-de-actividades-del-verano-feliz\/","title":{"rendered":"Estudiantes de Dari\u00e9n disfrutan de actividades del Verano Feliz"},"content":{"rendered":"<p>Estudiantes de la Sede del Instituto Paname\u00f1o de Habilitaci\u00f3n Especial (IPHE), de Dari\u00e9n, participan de las actividades del Verano Feliz 2025, que se desarrollan en el M\u00f3dulo de Metet\u00ed, a cargo de los especialistas del equipo t\u00e9cnico.<\/p>\n<p><em><strong>La actividad, que cuenta con la participaci\u00f3n de siete estudiantes, acompa\u00f1ados de sus padres de familia, se centra en la realizaci\u00f3n de un accionar recreativo, donde se desarrollan las capacidades ling\u00fc\u00edsticas, motoras y cognitivas, adem\u00e1s reforzar habilidades sociales, a trav\u00e9s de juegos con los ni\u00f1os y ni\u00f1as de 4 a 12 a\u00f1os, fomentando su progreso pleno.<\/strong><\/em><\/p>\n<p><strong>Durante las jornadas, los especialistas t\u00e9cnicos en Fisioterapia, Fonoaudiolog\u00eda, Terapia Ocupacional y Psicolog\u00eda, realizan actividades de acuerdo a la edad del alumno, as\u00ed como a la necesidad de los alumnos, propiciando un entorno divertido y educativo para los ni\u00f1os y ni\u00f1as, durante las vacaciones de verano, fomentando su desarrollo integral.<\/strong><\/p>\n<p>&nbsp;<\/p>\n<p>Fuente: IPHE<\/p>\n","protected":false},"excerpt":{"rendered":"<p>Estudiantes de la Sede del Instituto Paname\u00f1o de Habilitaci\u00f3n Especial <a href=\"https:\/\/sertv.gob.pa\/crisolfm\/estudiantes-de-darien-disfrutan-de-actividades-del-verano-feliz\/\"> [&#8230;]<\/a><\/p>\n","protected":false},"author":9,"featured_media":68212,"comment_status":"closed","ping_status":"closed","sticky":false,"template":"","format":"standard","meta":{"footnotes":""},"categories":[14],"tags":[],"class_list":["post-68211","post","type-post","status-publish","format-standard","has-post-thumbnail","hentry","category-salud"],"_links":{"self":[{"href":"https:\/\/sertv.gob.pa\/crisolfm\/wp-json\/wp\/v2\/posts\/68211","targetHints":{"allow":["GET"]}}],"collection":[{"href":"https:\/\/sertv.gob.pa\/crisolfm\/wp-json\/wp\/v2\/posts"}],"about":[{"href":"https:\/\/sertv.gob.pa\/crisolfm\/wp-json\/wp\/v2\/types\/post"}],"author":[{"embeddable":true,"href":"https:\/\/sertv.gob.pa\/crisolfm\/wp-json\/wp\/v2\/users\/9"}],"replies":[{"embeddable":true,"href":"https:\/\/sertv.gob.pa\/crisolfm\/wp-json\/wp\/v2\/comments?post=68211"}],"version-history":[{"count":1,"href":"https:\/\/sertv.gob.pa\/crisolfm\/wp-json\/wp\/v2\/posts\/68211\/revisions"}],"predecessor-version":[{"id":68213,"href":"https:\/\/sertv.gob.pa\/crisolfm\/wp-json\/wp\/v2\/posts\/68211\/revisions\/68213"}],"wp:featuredmedia":[{"embeddable":true,"href":"https:\/\/sertv.gob.pa\/crisolfm\/wp-json\/wp\/v2\/media\/68212"}],"wp:attachment":[{"href":"https:\/\/sertv.gob.pa\/crisolfm\/wp-json\/wp\/v2\/media?parent=68211"}],"wp:term":[{"taxonomy":"category","embeddable":true,"href":"https:\/\/sertv.gob.pa\/crisolfm\/wp-json\/wp\/v2\/categories?post=68211"},{"taxonomy":"post_tag","embeddable":true,"href":"https:\/\/sertv.gob.pa\/crisolfm\/wp-json\/wp\/v2\/tags?post=68211"}],"curies":[{"name":"wp","href":"https:\/\/api.w.org\/{rel}","templated":true}]}}