{"id":68283,"date":"2025-01-16T17:53:02","date_gmt":"2025-01-16T17:53:02","guid":{"rendered":"https:\/\/sertv.gob.pa\/crisolfm\/?p=68283"},"modified":"2025-01-16T17:53:02","modified_gmt":"2025-01-16T17:53:02","slug":"estadisticas-2024-de-la-academia-de-bomberos-avances-y-desafios-en-la-capacitacion","status":"publish","type":"post","link":"https:\/\/sertv.gob.pa\/crisolfm\/estadisticas-2024-de-la-academia-de-bomberos-avances-y-desafios-en-la-capacitacion\/","title":{"rendered":"Estad\u00edsticas 2024 de la Academia de Bomberos: Avances y Desaf\u00edos en la Capacitaci\u00f3n"},"content":{"rendered":"<p><em><strong>La Academia de Bomberos del Benem\u00e9rito Cuerpo de Bomberos de la Rep\u00fablica de Panam\u00e1 (BCBRP), en su constante esfuerzo por mejorar la preparaci\u00f3n y capacidades del personal, ha revelado importantes estad\u00edsticas sobre sus capacitaciones en los \u00faltimos a\u00f1os.<\/strong><\/em><\/p>\n<p><strong>\u201cEn el a\u00f1o 2024, se formaron 210 reclutas, 61 cabo segundo, 94 cabos primeros; igualmente 94 sargento segundo, 36 sargento primero, 24 subtenientes; 48 tenientes; 67 capitanes, 18 mayores y 11 tenientes coroneles en la parte operativa, para DINASEPI, SAMER y DOEXBURE\u201d, se\u00f1al\u00f3 el mayor C\u00e9sar Iv\u00e1n Ambulo, director de la Academia de Formaci\u00f3n de Bomberos.<\/strong><\/p>\n<p><strong>De igual forma se capacitaron 30 unidades en el tema \u201cRecepci\u00f3n de llamadas de emergencia\u201d, 56 en \u201cIntervenci\u00f3n en tentativa suicida\u201d y 60 unidades en \u201cRescate Acu\u00e1tico\u201d, inform\u00f3 el mayor.<\/strong><\/p>\n<p><strong>Un aspecto destacable es que la Academia, ha implementado programas de formaci\u00f3n continua, que incluyen simulacros pr\u00e1cticos y el uso de escenarios reales para mejorar la capacidad de respuesta en situaciones cr\u00edticas. Esto ha permitido una mejora notable en la eficiencia y rapidez de los bomberos ante emergencias de gran magnitud.<\/strong><\/p>\n<p><strong>La formaci\u00f3n ha sido brindada tanto a personal de la instituci\u00f3n como a bomberos voluntarios de diversas provincias del pa\u00eds.<\/strong><\/p>\n<p><strong>Asimismo, se ha reforzado la cooperaci\u00f3n internacional mediante alianzas con otras entidades de emergencias y organizaciones especializadas en la formaci\u00f3n de bomberos.<\/strong><\/p>\n<p><strong>Los directivos de la Academia de Bomberos, han expresado su compromiso con la seguridad de la poblaci\u00f3n paname\u00f1a y han afirmado que seguir\u00e1n fortaleciendo los programas de capacitaci\u00f3n, asegurando que los bomberos est\u00e9n siempre preparados para proteger a la comunidad ante cualquier eventualidad.<\/strong><\/p>\n<p><strong>Adem\u00e1s, se han establecido metas para el futuro, que incluyen la ampliaci\u00f3n de los cursos en l\u00ednea y la actualizaci\u00f3n constante del curr\u00edculo formativo con el objetivo de seguir a la vanguardia en cuanto a t\u00e9cnicas de seguridad y respuesta ante desastres.<\/strong><\/p>\n<p>Fuente: BCBRP<\/p>\n","protected":false},"excerpt":{"rendered":"<p>La Academia de Bomberos del Benem\u00e9rito Cuerpo de Bomberos de <a href=\"https:\/\/sertv.gob.pa\/crisolfm\/estadisticas-2024-de-la-academia-de-bomberos-avances-y-desafios-en-la-capacitacion\/\"> [&#8230;]<\/a><\/p>\n","protected":false},"author":9,"featured_media":68284,"comment_status":"closed","ping_status":"closed","sticky":false,"template":"","format":"standard","meta":{"footnotes":""},"categories":[12],"tags":[],"class_list":["post-68283","post","type-post","status-publish","format-standard","has-post-thumbnail","hentry","category-nacionales"],"_links":{"self":[{"href":"https:\/\/sertv.gob.pa\/crisolfm\/wp-json\/wp\/v2\/posts\/68283","targetHints":{"allow":["GET"]}}],"collection":[{"href":"https:\/\/sertv.gob.pa\/crisolfm\/wp-json\/wp\/v2\/posts"}],"about":[{"href":"https:\/\/sertv.gob.pa\/crisolfm\/wp-json\/wp\/v2\/types\/post"}],"author":[{"embeddable":true,"href":"https:\/\/sertv.gob.pa\/crisolfm\/wp-json\/wp\/v2\/users\/9"}],"replies":[{"embeddable":true,"href":"https:\/\/sertv.gob.pa\/crisolfm\/wp-json\/wp\/v2\/comments?post=68283"}],"version-history":[{"count":1,"href":"https:\/\/sertv.gob.pa\/crisolfm\/wp-json\/wp\/v2\/posts\/68283\/revisions"}],"predecessor-version":[{"id":68285,"href":"https:\/\/sertv.gob.pa\/crisolfm\/wp-json\/wp\/v2\/posts\/68283\/revisions\/68285"}],"wp:featuredmedia":[{"embeddable":true,"href":"https:\/\/sertv.gob.pa\/crisolfm\/wp-json\/wp\/v2\/media\/68284"}],"wp:attachment":[{"href":"https:\/\/sertv.gob.pa\/crisolfm\/wp-json\/wp\/v2\/media?parent=68283"}],"wp:term":[{"taxonomy":"category","embeddable":true,"href":"https:\/\/sertv.gob.pa\/crisolfm\/wp-json\/wp\/v2\/categories?post=68283"},{"taxonomy":"post_tag","embeddable":true,"href":"https:\/\/sertv.gob.pa\/crisolfm\/wp-json\/wp\/v2\/tags?post=68283"}],"curies":[{"name":"wp","href":"https:\/\/api.w.org\/{rel}","templated":true}]}}