{"id":68396,"date":"2025-01-20T15:09:36","date_gmt":"2025-01-20T15:09:36","guid":{"rendered":"https:\/\/sertv.gob.pa\/crisolfm\/?p=68396"},"modified":"2025-01-20T15:09:36","modified_gmt":"2025-01-20T15:09:36","slug":"policlinica-dr-juan-vega-mendez","status":"publish","type":"post","link":"https:\/\/sertv.gob.pa\/crisolfm\/policlinica-dr-juan-vega-mendez\/","title":{"rendered":"Policl\u00ednica Dr. Juan Vega M\u00e9ndez"},"content":{"rendered":"<p><em><strong>La Caja de Seguro Social (CSS), informa a los usuarios de la Policl\u00ednica Dr. Juan Vega M\u00e9ndez, en San Carlos que el lunes, 20 de enero de 2025, por disposici\u00f3n alcaldicia, relativa a la conmemoraci\u00f3n del Santo Patrono San Sebasti\u00e1n, se ordena el cierre de todas las oficinas p\u00fablicas del distrito de San Carlos.<\/strong><\/em><\/p>\n<p><em><strong>Raz\u00f3n por la cual, las oficinas administrativas y servicios no esenciales de esta Policl\u00ednica estar\u00e1n cerrados.<\/strong><\/em><\/p>\n<p><em><strong>Esta medida de ninguna forma afectar\u00e1 al servicio de urgencias de esta instalaci\u00f3n de salud, mismo que operar\u00e1 de forma regular, es decir las 24 horas del d\u00eda.<\/strong><\/em><\/p>\n<p>&nbsp;<\/p>\n<p>Fuente: CSS<\/p>\n","protected":false},"excerpt":{"rendered":"<p>La Caja de Seguro Social (CSS), informa a los usuarios <a href=\"https:\/\/sertv.gob.pa\/crisolfm\/policlinica-dr-juan-vega-mendez\/\"> [&#8230;]<\/a><\/p>\n","protected":false},"author":9,"featured_media":68397,"comment_status":"closed","ping_status":"closed","sticky":false,"template":"","format":"standard","meta":{"footnotes":""},"categories":[12],"tags":[],"class_list":["post-68396","post","type-post","status-publish","format-standard","has-post-thumbnail","hentry","category-nacionales"],"_links":{"self":[{"href":"https:\/\/sertv.gob.pa\/crisolfm\/wp-json\/wp\/v2\/posts\/68396","targetHints":{"allow":["GET"]}}],"collection":[{"href":"https:\/\/sertv.gob.pa\/crisolfm\/wp-json\/wp\/v2\/posts"}],"about":[{"href":"https:\/\/sertv.gob.pa\/crisolfm\/wp-json\/wp\/v2\/types\/post"}],"author":[{"embeddable":true,"href":"https:\/\/sertv.gob.pa\/crisolfm\/wp-json\/wp\/v2\/users\/9"}],"replies":[{"embeddable":true,"href":"https:\/\/sertv.gob.pa\/crisolfm\/wp-json\/wp\/v2\/comments?post=68396"}],"version-history":[{"count":1,"href":"https:\/\/sertv.gob.pa\/crisolfm\/wp-json\/wp\/v2\/posts\/68396\/revisions"}],"predecessor-version":[{"id":68398,"href":"https:\/\/sertv.gob.pa\/crisolfm\/wp-json\/wp\/v2\/posts\/68396\/revisions\/68398"}],"wp:featuredmedia":[{"embeddable":true,"href":"https:\/\/sertv.gob.pa\/crisolfm\/wp-json\/wp\/v2\/media\/68397"}],"wp:attachment":[{"href":"https:\/\/sertv.gob.pa\/crisolfm\/wp-json\/wp\/v2\/media?parent=68396"}],"wp:term":[{"taxonomy":"category","embeddable":true,"href":"https:\/\/sertv.gob.pa\/crisolfm\/wp-json\/wp\/v2\/categories?post=68396"},{"taxonomy":"post_tag","embeddable":true,"href":"https:\/\/sertv.gob.pa\/crisolfm\/wp-json\/wp\/v2\/tags?post=68396"}],"curies":[{"name":"wp","href":"https:\/\/api.w.org\/{rel}","templated":true}]}}