{"id":68414,"date":"2025-01-20T16:26:24","date_gmt":"2025-01-20T16:26:24","guid":{"rendered":"https:\/\/sertv.gob.pa\/crisolfm\/?p=68414"},"modified":"2025-01-20T16:26:24","modified_gmt":"2025-01-20T16:26:24","slug":"minsa-ofrece-orientacion-a-personas-afectadas-por-la-depresion","status":"publish","type":"post","link":"https:\/\/sertv.gob.pa\/crisolfm\/minsa-ofrece-orientacion-a-personas-afectadas-por-la-depresion\/","title":{"rendered":"MINSA ofrece orientaci\u00f3n a personas afectadas por la depresi\u00f3n"},"content":{"rendered":"<p><em><strong>Ante el progresivo incremento de casos de conductas autol\u00edticas y de otros trastornos mentales, registrados a nivel nacional durante a\u00f1os recientes, el Ministerio de Salud, la Caja de Seguro Social y otras instituciones del Estado, ofrece ayuda profesional que a las personas y familias afectadas.<\/strong><\/em><\/p>\n<p><em><strong>El MINSA, Regi\u00f3n de Chiriqu\u00ed, ofrece asistencia de salud mental en todos los Centros de Salud de los distritos de David y Bugaba; en Bar\u00fa en el Policentro de Puerto Armuelles, en Boquete en Bajo Boquete y Caldera, en el MINSA-CAPSI de Volc\u00e1n; y en las cabeceras de R\u00edo Sereno, San Lorenzo, Alanje y Boquer\u00f3n.<\/strong><\/em><\/p>\n<p><strong>Los casos de trastornos mentales que se registran en instalaciones donde no se ofrecen servicios de psiquiatr\u00eda o psicolog\u00eda, son remitidos al distrito de David. Algunos Centros de Salud tambi\u00e9n cuentan con una enfermera especializada en salud mental.<\/strong><\/p>\n<p><em><strong>Las autoridades de la coordinaci\u00f3n regional de Salud Mental, coinciden con sus hom\u00f3logos del Instituto Nacional de Salud Mental (INSAM), en que, tras la pandemia por covid 19, los casos de depresi\u00f3n y ansiedad aumentaron significativamente, condiciones que pueden conllevar a que los pacientes intenten quitarse la vida u hacerse da\u00f1o.<\/strong><\/em><\/p>\n<p><em><strong>La depresi\u00f3n y la ansiedad pueden causar tristeza, inquietud, fatiga, preocupaci\u00f3n excesiva y falta de motivaci\u00f3n; son trastornos muy frecuentes, que al <\/strong><\/em>intensificarse o extenderse prolongadamente, pueden acarrean graves secuelas en la salud del individuo.<\/p>\n<p><em><strong>La estigmatizaci\u00f3n y la falta de comunicaci\u00f3n con familiares y dem\u00e1s componentes del \u00e1mbito social; agravan la condici\u00f3n cl\u00ednica de las personas afectadas por la depresi\u00f3n. En el 2023 se detectaron m\u00e1s de 200 suicidios y el a\u00f1o pasado se registr\u00f3 un promedio de dos casos diarios.<\/strong><\/em><\/p>\n<p>&nbsp;<\/p>\n<p>Fuente: MINSA<\/p>\n","protected":false},"excerpt":{"rendered":"<p>Ante el progresivo incremento de casos de conductas autol\u00edticas y <a href=\"https:\/\/sertv.gob.pa\/crisolfm\/minsa-ofrece-orientacion-a-personas-afectadas-por-la-depresion\/\"> [&#8230;]<\/a><\/p>\n","protected":false},"author":9,"featured_media":68415,"comment_status":"closed","ping_status":"closed","sticky":false,"template":"","format":"standard","meta":{"footnotes":""},"categories":[14],"tags":[],"class_list":["post-68414","post","type-post","status-publish","format-standard","has-post-thumbnail","hentry","category-salud"],"_links":{"self":[{"href":"https:\/\/sertv.gob.pa\/crisolfm\/wp-json\/wp\/v2\/posts\/68414","targetHints":{"allow":["GET"]}}],"collection":[{"href":"https:\/\/sertv.gob.pa\/crisolfm\/wp-json\/wp\/v2\/posts"}],"about":[{"href":"https:\/\/sertv.gob.pa\/crisolfm\/wp-json\/wp\/v2\/types\/post"}],"author":[{"embeddable":true,"href":"https:\/\/sertv.gob.pa\/crisolfm\/wp-json\/wp\/v2\/users\/9"}],"replies":[{"embeddable":true,"href":"https:\/\/sertv.gob.pa\/crisolfm\/wp-json\/wp\/v2\/comments?post=68414"}],"version-history":[{"count":1,"href":"https:\/\/sertv.gob.pa\/crisolfm\/wp-json\/wp\/v2\/posts\/68414\/revisions"}],"predecessor-version":[{"id":68416,"href":"https:\/\/sertv.gob.pa\/crisolfm\/wp-json\/wp\/v2\/posts\/68414\/revisions\/68416"}],"wp:featuredmedia":[{"embeddable":true,"href":"https:\/\/sertv.gob.pa\/crisolfm\/wp-json\/wp\/v2\/media\/68415"}],"wp:attachment":[{"href":"https:\/\/sertv.gob.pa\/crisolfm\/wp-json\/wp\/v2\/media?parent=68414"}],"wp:term":[{"taxonomy":"category","embeddable":true,"href":"https:\/\/sertv.gob.pa\/crisolfm\/wp-json\/wp\/v2\/categories?post=68414"},{"taxonomy":"post_tag","embeddable":true,"href":"https:\/\/sertv.gob.pa\/crisolfm\/wp-json\/wp\/v2\/tags?post=68414"}],"curies":[{"name":"wp","href":"https:\/\/api.w.org\/{rel}","templated":true}]}}