{"id":68529,"date":"2025-01-22T15:55:21","date_gmt":"2025-01-22T15:55:21","guid":{"rendered":"https:\/\/sertv.gob.pa\/crisolfm\/?p=68529"},"modified":"2025-01-22T15:55:21","modified_gmt":"2025-01-22T15:55:21","slug":"violencia-silenciosa-la-sutileza-del-maltrato-en-la-vida-cotidiana","status":"publish","type":"post","link":"https:\/\/sertv.gob.pa\/crisolfm\/violencia-silenciosa-la-sutileza-del-maltrato-en-la-vida-cotidiana\/","title":{"rendered":"Violencia silenciosa: la sutileza del maltrato en la vida cotidiana"},"content":{"rendered":"<p><em><strong>En un contexto donde la violencia dom\u00e9stica suele asociarse con gritos y golpes, es crucial abordar un aspecto menos visible, pero igualmente da\u00f1ino: la violencia sutil.<\/strong><\/em><\/p>\n<p><strong>Jonathan Hern\u00e1ndez, psic\u00f3logo del Programa de Salud Mental del Hospital Dr. Rafael Hern\u00e1ndez L. de la Caja de Seguro Social en la provincia de Chiriqu\u00ed, resalta la importancia de reconocer estos patrones de comportamiento que, aunque no siempre son evidentes, pueden tener consecuencias en la vida de las v\u00edctimas.<\/strong><\/p>\n<p><strong>La violencia no siempre se manifiesta de manera expl\u00edcita, a menudo comienza con comentarios disfrazados de preocupaci\u00f3n, como \u201cno me gusta que te pongas esa ropa, te ves gordita\u201d, que pueden parecer inofensivos al principio, pero son la puerta de entrada a un ciclo de control y manipulaci\u00f3n agreg\u00f3 el psic\u00f3logo Hern\u00e1ndez.<\/strong><\/p>\n<p><strong>\u00abEs importante que, tanto hombres como mujeres, se cuestionen a s\u00ed mismos. \u00bfSoy yo quien ejerce control sobre la otra persona? \u00bfSoy celoso o narcisista? \u00bfO bien, soy tan sumiso que no establezco l\u00edmites saludables?, la autoevaluaci\u00f3n es clave para romper el ciclo de la violencia\u00bb, enfatiza Hern\u00e1ndez<\/strong>.<\/p>\n<p><strong>El psic\u00f3logo, tambi\u00e9n se\u00f1ala que, la violencia puede escalar, llevando a situaciones peligrosas. La falta de l\u00edmites y la herencia de traumas emocionales pueden agravar la situaci\u00f3n, transformando a la v\u00edctima pasiva en un agresor en defensa propia.<\/strong><\/p>\n<p><strong>El Programa de Salud Mental del Hospital, busca crear conciencia sobre la violencia sutil y ofrecer apoyo a quienes se encuentran atrapados en estas din\u00e1micas. Este ciclo de violencia se perpet\u00faa, y cada vez es m\u00e1s dif\u00edcil para la v\u00edctima reconocer su situaci\u00f3n; la educaci\u00f3n y el reconocimiento son pasos fundamentales para prevenir tragedias que, a menudo, resultan de este ciclo de violencia.<\/strong><\/p>\n<p>&nbsp;<\/p>\n<p>Fuente: CSS<\/p>\n","protected":false},"excerpt":{"rendered":"<p>En un contexto donde la violencia dom\u00e9stica suele asociarse con <a href=\"https:\/\/sertv.gob.pa\/crisolfm\/violencia-silenciosa-la-sutileza-del-maltrato-en-la-vida-cotidiana\/\"> [&#8230;]<\/a><\/p>\n","protected":false},"author":9,"featured_media":68530,"comment_status":"closed","ping_status":"closed","sticky":false,"template":"","format":"standard","meta":{"footnotes":""},"categories":[14],"tags":[],"class_list":["post-68529","post","type-post","status-publish","format-standard","has-post-thumbnail","hentry","category-salud"],"_links":{"self":[{"href":"https:\/\/sertv.gob.pa\/crisolfm\/wp-json\/wp\/v2\/posts\/68529","targetHints":{"allow":["GET"]}}],"collection":[{"href":"https:\/\/sertv.gob.pa\/crisolfm\/wp-json\/wp\/v2\/posts"}],"about":[{"href":"https:\/\/sertv.gob.pa\/crisolfm\/wp-json\/wp\/v2\/types\/post"}],"author":[{"embeddable":true,"href":"https:\/\/sertv.gob.pa\/crisolfm\/wp-json\/wp\/v2\/users\/9"}],"replies":[{"embeddable":true,"href":"https:\/\/sertv.gob.pa\/crisolfm\/wp-json\/wp\/v2\/comments?post=68529"}],"version-history":[{"count":1,"href":"https:\/\/sertv.gob.pa\/crisolfm\/wp-json\/wp\/v2\/posts\/68529\/revisions"}],"predecessor-version":[{"id":68531,"href":"https:\/\/sertv.gob.pa\/crisolfm\/wp-json\/wp\/v2\/posts\/68529\/revisions\/68531"}],"wp:featuredmedia":[{"embeddable":true,"href":"https:\/\/sertv.gob.pa\/crisolfm\/wp-json\/wp\/v2\/media\/68530"}],"wp:attachment":[{"href":"https:\/\/sertv.gob.pa\/crisolfm\/wp-json\/wp\/v2\/media?parent=68529"}],"wp:term":[{"taxonomy":"category","embeddable":true,"href":"https:\/\/sertv.gob.pa\/crisolfm\/wp-json\/wp\/v2\/categories?post=68529"},{"taxonomy":"post_tag","embeddable":true,"href":"https:\/\/sertv.gob.pa\/crisolfm\/wp-json\/wp\/v2\/tags?post=68529"}],"curies":[{"name":"wp","href":"https:\/\/api.w.org\/{rel}","templated":true}]}}