{"id":68532,"date":"2025-01-22T17:05:29","date_gmt":"2025-01-22T17:05:29","guid":{"rendered":"https:\/\/sertv.gob.pa\/crisolfm\/?p=68532"},"modified":"2025-01-22T17:05:29","modified_gmt":"2025-01-22T17:05:29","slug":"la-region-de-salud-de-herrera-realiza-feria-de-salud-en-ocu","status":"publish","type":"post","link":"https:\/\/sertv.gob.pa\/crisolfm\/la-region-de-salud-de-herrera-realiza-feria-de-salud-en-ocu\/","title":{"rendered":"La Regi\u00f3n de Salud de Herrera realiza feria de salud en Oc\u00fa"},"content":{"rendered":"<p><em><strong>La Regi\u00f3n de Salud de Herrera, llev\u00f3 a cabo una feria de salud en el distrito de Oc\u00fa, con la finalidad de acercar servicios m\u00e9dicos esenciales a la comunidad y fomentar estilos de vida saludables.<\/strong><\/em><\/p>\n<p><strong>Durante la jornada, los asistentes tuvieron acceso a tomas de presi\u00f3n arterial, evaluaciones de salud integrales y orientaci\u00f3n sobre prevenci\u00f3n de enfermedades, entre otras actividades.<\/strong><\/p>\n<p><strong>Adem\u00e1s, se ofreci\u00f3 informaci\u00f3n clave sobre h\u00e1bitos saludables, resaltando la importancia de una alimentaci\u00f3n balanceada, la actividad f\u00edsica regular y la prevenci\u00f3n de enfermedades cr\u00f3nicas.<\/strong><\/p>\n<p><strong>Hilario Correa, director regional de Salud de Herrera, subray\u00f3 la importancia de la participaci\u00f3n comunitaria en la promoci\u00f3n del bienestar colectivo.<\/strong><\/p>\n<p><strong>\u201cEl compromiso de cada uno es fundamental para construir una comunidad m\u00e1s saludable y prevenir enfermedades a tiempo\u201d, se\u00f1al\u00f3.<\/strong><\/p>\n<p><strong>La feria de salud reafirma el compromiso de la Regi\u00f3n de Salud de Herrera de fortalecer las acciones de prevenci\u00f3n y promoci\u00f3n de la salud, pilares esenciales para mejorar la calidad de vida de los habitantes de la provincia.<\/strong><\/p>\n<p>&nbsp;<\/p>\n<p>Fuente: MINSA<\/p>\n","protected":false},"excerpt":{"rendered":"<p>La Regi\u00f3n de Salud de Herrera, llev\u00f3 a cabo una <a href=\"https:\/\/sertv.gob.pa\/crisolfm\/la-region-de-salud-de-herrera-realiza-feria-de-salud-en-ocu\/\"> [&#8230;]<\/a><\/p>\n","protected":false},"author":9,"featured_media":68533,"comment_status":"closed","ping_status":"closed","sticky":false,"template":"","format":"standard","meta":{"footnotes":""},"categories":[14],"tags":[],"class_list":["post-68532","post","type-post","status-publish","format-standard","has-post-thumbnail","hentry","category-salud"],"_links":{"self":[{"href":"https:\/\/sertv.gob.pa\/crisolfm\/wp-json\/wp\/v2\/posts\/68532","targetHints":{"allow":["GET"]}}],"collection":[{"href":"https:\/\/sertv.gob.pa\/crisolfm\/wp-json\/wp\/v2\/posts"}],"about":[{"href":"https:\/\/sertv.gob.pa\/crisolfm\/wp-json\/wp\/v2\/types\/post"}],"author":[{"embeddable":true,"href":"https:\/\/sertv.gob.pa\/crisolfm\/wp-json\/wp\/v2\/users\/9"}],"replies":[{"embeddable":true,"href":"https:\/\/sertv.gob.pa\/crisolfm\/wp-json\/wp\/v2\/comments?post=68532"}],"version-history":[{"count":1,"href":"https:\/\/sertv.gob.pa\/crisolfm\/wp-json\/wp\/v2\/posts\/68532\/revisions"}],"predecessor-version":[{"id":68534,"href":"https:\/\/sertv.gob.pa\/crisolfm\/wp-json\/wp\/v2\/posts\/68532\/revisions\/68534"}],"wp:featuredmedia":[{"embeddable":true,"href":"https:\/\/sertv.gob.pa\/crisolfm\/wp-json\/wp\/v2\/media\/68533"}],"wp:attachment":[{"href":"https:\/\/sertv.gob.pa\/crisolfm\/wp-json\/wp\/v2\/media?parent=68532"}],"wp:term":[{"taxonomy":"category","embeddable":true,"href":"https:\/\/sertv.gob.pa\/crisolfm\/wp-json\/wp\/v2\/categories?post=68532"},{"taxonomy":"post_tag","embeddable":true,"href":"https:\/\/sertv.gob.pa\/crisolfm\/wp-json\/wp\/v2\/tags?post=68532"}],"curies":[{"name":"wp","href":"https:\/\/api.w.org\/{rel}","templated":true}]}}