{"id":6859,"date":"2016-11-30T15:23:09","date_gmt":"2016-11-30T15:23:09","guid":{"rendered":""},"modified":"2016-11-30T15:23:09","modified_gmt":"2016-11-30T15:23:09","slug":"aplauden-iniciativa-para-reciclar-telefonos-moviles","status":"publish","type":"post","link":"https:\/\/sertv.gob.pa\/crisolfm\/aplauden-iniciativa-para-reciclar-telefonos-moviles\/","title":{"rendered":"Aplauden iniciativa para reciclar tel\u00e9fonos m\u00f3viles"},"content":{"rendered":"<p>\n&ldquo;La Tierra te llama: contesta&rdquo;. \u00a0\u00a0Este es el eslogan de \u00a0una iniciativa de reciclaje que busca recuperar los tel\u00e9fonos m\u00f3viles que no est\u00e9n en uso y sembrar un \u00e1rbol por cada aparato recolectado. <\/p>\n<p>Este programa naci\u00f3 en 2009 de la mano de Telef\u00f3nica con el prop\u00f3sito de evitar que estos equipos vayan a parar en los vertederos municipales, y contaminar la tierra y fuentes h\u00eddricas, explic\u00f3 la compa\u00f1\u00eda. <\/p>\n<p>La empresa destac\u00f3 que mediante este programa se han reforestado unas 40 hect\u00e1reas en el \u00e1rea central del pa\u00eds. La iniciativa es apoyada por fundaci\u00f3n Natura. <\/p>\n<p>&lsquo;El mensaje que les queremos dejar en esta oportunidad es que por cada dispositivo que deposites en nuestros buzones, Telef\u00f3nica siembra un \u00e1rbol&#8217;, manifest\u00f3 Ileana Pineda, de Responsabilidad Corporativa de Telef\u00f3nica Panam\u00e1, durante la presentaci\u00f3n del programa. <\/p>\n<p>Seg\u00fan la fuente, otra de las bondades de esta iniciativa es que no se limita a equipos de Movistar, sino igualmente de cualquier operador. <\/p>\n<p>Pineda indic\u00f3 que \u00e9stos deben ser depositados en los buzones ubicados en las sucursales a nivel nacional y en el Centro de Acopio y Manejo de Desechos S\u00f3lidos, en el Edificio No. 216 de la Ciudad del Saber. <\/p>\n<p>\u00a0 <\/p>\n","protected":false},"excerpt":{"rendered":"<p>&ldquo;La Tierra te llama: contesta&rdquo;. \u00a0\u00a0Este es el eslogan de <a href=\"https:\/\/sertv.gob.pa\/crisolfm\/aplauden-iniciativa-para-reciclar-telefonos-moviles\/\"> [&#8230;]<\/a><\/p>\n","protected":false},"author":1,"featured_media":6860,"comment_status":"closed","ping_status":"closed","sticky":false,"template":"","format":"standard","meta":{"footnotes":""},"categories":[7],"tags":[],"class_list":["post-6859","post","type-post","status-publish","format-standard","has-post-thumbnail","hentry","category-ecologicas"],"_links":{"self":[{"href":"https:\/\/sertv.gob.pa\/crisolfm\/wp-json\/wp\/v2\/posts\/6859","targetHints":{"allow":["GET"]}}],"collection":[{"href":"https:\/\/sertv.gob.pa\/crisolfm\/wp-json\/wp\/v2\/posts"}],"about":[{"href":"https:\/\/sertv.gob.pa\/crisolfm\/wp-json\/wp\/v2\/types\/post"}],"author":[{"embeddable":true,"href":"https:\/\/sertv.gob.pa\/crisolfm\/wp-json\/wp\/v2\/users\/1"}],"replies":[{"embeddable":true,"href":"https:\/\/sertv.gob.pa\/crisolfm\/wp-json\/wp\/v2\/comments?post=6859"}],"version-history":[{"count":0,"href":"https:\/\/sertv.gob.pa\/crisolfm\/wp-json\/wp\/v2\/posts\/6859\/revisions"}],"wp:featuredmedia":[{"embeddable":true,"href":"https:\/\/sertv.gob.pa\/crisolfm\/wp-json\/wp\/v2\/media\/6860"}],"wp:attachment":[{"href":"https:\/\/sertv.gob.pa\/crisolfm\/wp-json\/wp\/v2\/media?parent=6859"}],"wp:term":[{"taxonomy":"category","embeddable":true,"href":"https:\/\/sertv.gob.pa\/crisolfm\/wp-json\/wp\/v2\/categories?post=6859"},{"taxonomy":"post_tag","embeddable":true,"href":"https:\/\/sertv.gob.pa\/crisolfm\/wp-json\/wp\/v2\/tags?post=6859"}],"curies":[{"name":"wp","href":"https:\/\/api.w.org\/{rel}","templated":true}]}}