{"id":68598,"date":"2025-01-23T17:04:19","date_gmt":"2025-01-23T17:04:19","guid":{"rendered":"https:\/\/sertv.gob.pa\/crisolfm\/?p=68598"},"modified":"2025-01-23T17:04:19","modified_gmt":"2025-01-23T17:04:19","slug":"mediante-gira-medica-reinauguran-el-puesto-de-salud-de-cerro-negro-en-el-distrito-de-las-palmas","status":"publish","type":"post","link":"https:\/\/sertv.gob.pa\/crisolfm\/mediante-gira-medica-reinauguran-el-puesto-de-salud-de-cerro-negro-en-el-distrito-de-las-palmas\/","title":{"rendered":"Mediante gira m\u00e9dica reinauguran el Puesto de Salud de Cerro Negro en el distrito de Las Palmas"},"content":{"rendered":"<p><em><strong>En la provincia de Veraguas se realiz\u00f3 la reinauguraci\u00f3n del Puesto de Salud de Cerro Negro, corregimiento de Los Remedios distrito de Las Palmas y se celebr\u00f3 con una gran gira m\u00e9dica integral en la en la que se beneficiaron m\u00e1s de 100 personas con servicios gratuitos de Salud como: atenci\u00f3n m\u00e9dica general, vacunaci\u00f3n, evaluaci\u00f3n odontol\u00f3gica, toma de presi\u00f3n arterial, entrega de medicamentos, pruebas de PAP, docencia, peso y talla.<\/strong><\/em><\/p>\n<p><strong>Xavier Antonio Torres Dom\u00ednguez, Director Regional, explic\u00f3 que, se invirti\u00f3 Bl\/. 51,379.58 balboas, en mejoras de esta instalaci\u00f3n de salud, para beneficiar a los m\u00e1s de 3,000 pacientes que se atienden en este puesto de salud. El galeno, destac\u00f3 que, se esta reforzando la red primaria de atenci\u00f3n, cumpliendo con las directrices del Ministro de Salud Fernando Boyd Galindo.<\/strong><\/p>\n<p><strong>Por su parte, Edwin Franco, director m\u00e9dico del Centro de Salud de Los Ruices, indic\u00f3 que, este Puesto de Salud, cuenta con una Asistente de Salud que labora de lunes a viernes de 7:00a.m. hasta las 3:00 p.m., se esta proyectando brindar atenci\u00f3n m\u00e9dica general y planificar giras integrales mensuales en este puesto de salud.<\/strong><\/p>\n<p><strong>Los moradores de la comunidad de Cerro Negro y \u00e1reas aleda\u00f1as, agradecieron al Ministro de Salud y autoridades regionales, por este proyecto tan esperado, \u00abtenemos una instalaci\u00f3n linda y acogedora, nos corresponde cuidarla, ser responsables y mantenerla limpia\u00bb as\u00ed lo expres\u00f3 Gonz\u00e1lez Valdez, usuario del puesto de salud.\u00a0<\/strong><\/p>\n<p>&nbsp;<\/p>\n<p>Fuente: MINSA<\/p>\n","protected":false},"excerpt":{"rendered":"<p>En la provincia de Veraguas se realiz\u00f3 la reinauguraci\u00f3n del <a href=\"https:\/\/sertv.gob.pa\/crisolfm\/mediante-gira-medica-reinauguran-el-puesto-de-salud-de-cerro-negro-en-el-distrito-de-las-palmas\/\"> [&#8230;]<\/a><\/p>\n","protected":false},"author":9,"featured_media":68599,"comment_status":"closed","ping_status":"closed","sticky":false,"template":"","format":"standard","meta":{"footnotes":""},"categories":[14],"tags":[],"class_list":["post-68598","post","type-post","status-publish","format-standard","has-post-thumbnail","hentry","category-salud"],"_links":{"self":[{"href":"https:\/\/sertv.gob.pa\/crisolfm\/wp-json\/wp\/v2\/posts\/68598","targetHints":{"allow":["GET"]}}],"collection":[{"href":"https:\/\/sertv.gob.pa\/crisolfm\/wp-json\/wp\/v2\/posts"}],"about":[{"href":"https:\/\/sertv.gob.pa\/crisolfm\/wp-json\/wp\/v2\/types\/post"}],"author":[{"embeddable":true,"href":"https:\/\/sertv.gob.pa\/crisolfm\/wp-json\/wp\/v2\/users\/9"}],"replies":[{"embeddable":true,"href":"https:\/\/sertv.gob.pa\/crisolfm\/wp-json\/wp\/v2\/comments?post=68598"}],"version-history":[{"count":1,"href":"https:\/\/sertv.gob.pa\/crisolfm\/wp-json\/wp\/v2\/posts\/68598\/revisions"}],"predecessor-version":[{"id":68600,"href":"https:\/\/sertv.gob.pa\/crisolfm\/wp-json\/wp\/v2\/posts\/68598\/revisions\/68600"}],"wp:featuredmedia":[{"embeddable":true,"href":"https:\/\/sertv.gob.pa\/crisolfm\/wp-json\/wp\/v2\/media\/68599"}],"wp:attachment":[{"href":"https:\/\/sertv.gob.pa\/crisolfm\/wp-json\/wp\/v2\/media?parent=68598"}],"wp:term":[{"taxonomy":"category","embeddable":true,"href":"https:\/\/sertv.gob.pa\/crisolfm\/wp-json\/wp\/v2\/categories?post=68598"},{"taxonomy":"post_tag","embeddable":true,"href":"https:\/\/sertv.gob.pa\/crisolfm\/wp-json\/wp\/v2\/tags?post=68598"}],"curies":[{"name":"wp","href":"https:\/\/api.w.org\/{rel}","templated":true}]}}