{"id":68601,"date":"2025-01-23T17:37:35","date_gmt":"2025-01-23T17:37:35","guid":{"rendered":"https:\/\/sertv.gob.pa\/crisolfm\/?p=68601"},"modified":"2025-01-23T17:37:35","modified_gmt":"2025-01-23T17:37:35","slug":"banderas-rojas-en-el-neurodesarrollo-a-que-prestarle-atencion","status":"publish","type":"post","link":"https:\/\/sertv.gob.pa\/crisolfm\/banderas-rojas-en-el-neurodesarrollo-a-que-prestarle-atencion\/","title":{"rendered":"Banderas rojas en el neurodesarrollo, \u00bfa qu\u00e9 prestarle atenci\u00f3n?"},"content":{"rendered":"<p><em><strong>A partir del primer mes de nacido, los infantes pueden presentar signos de alarma en el desarrollo, que podr\u00edan indicar que algo diferente est\u00e1 ocurriendo. A esto le llaman los profesionales, banderas rojas.<\/strong><\/em><\/p>\n<p><strong>Seg\u00fan estad\u00edsticas de la Policl\u00ednica Dr. Juan Vega M\u00e9ndez, ubicada en el distrito de San Carlos, en el a\u00f1o 2024, ingresaron al Programa de Alto Riesgo de esta instalaci\u00f3n, 86 ni\u00f1os que presentaron estos s\u00edntomas.<\/strong><\/p>\n<p><strong>Seg\u00fan Rita Luna, estimuladora temprana, de la policl\u00ednica, este tipo de situaciones se vienen incrementado, y un n\u00famero de casos se debe al uso excesivo de pantallas por parte de los ni\u00f1os.<\/strong><\/p>\n<p><strong>Los sonidos, movimientos y colores, de estos dispositivos, crean una terrible adicci\u00f3n en los peque\u00f1os indic\u00f3 la Lcda. Luna.<\/strong><\/p>\n<p><strong>Por ello, se recomienda minimizar el tiempo de exposici\u00f3n a estos aparatos.<\/strong><\/p>\n<p><strong>Pero, volviendo a las denominadas \u201cbanderas rojas\u201d, la licenciada Luna, enumera las m\u00e1s frecuentes, que los padres deben considerar al momento de la interacci\u00f3n con sus hijos, como:<\/strong><\/p>\n<ol>\n<li><em><strong>Pobre contacto visual2.<\/strong><\/em><\/li>\n<li><em><strong>No busca el rostro de su madre<\/strong><\/em><\/li>\n<li><em><strong>Rostro inexpresivo, sonr\u00ede muy poco<\/strong><\/em><\/li>\n<li><em><strong>Poca respuesta a sonidos fuertes\u00a0<\/strong><\/em><\/li>\n<li><em><strong>Tono muscular disminuido, con un sost\u00e9n cef\u00e1lico<\/strong><\/em><\/li>\n<li><em><strong>Brazos y piernas muy r\u00edgidos (hiperton\u00eda)\u00a0<\/strong><\/em><\/li>\n<li><em><strong>Hiperactividad, pocos movimientos en brazos y piernas<\/strong><\/em><\/li>\n<li><em><strong>Lenguaje escaso para su edad<\/strong><\/em><\/li>\n<li><em><strong>No logra sus habilidades o hitos del desarrollo en su etapa<\/strong><\/em><\/li>\n<li><em><strong>Se observa un retroceso en habilidades ya adquiridas<\/strong><\/em><\/li>\n<li><em><strong>Le cuesta socializar e interactuar<\/strong><\/em><\/li>\n<li><em><strong>No le gusta estar sucio, presenta incomodidad hacia algunas texturas, sabores olores y a ruidos excesivos.<\/strong><\/em><\/li>\n<\/ol>\n<p>&nbsp;<\/p>\n<p><strong>De notar algunos de estos comportamientos, se recomienda acudir a su pediatra, que es el especialista facultado para referir algunos estudios, si se requieren, y realizar una intervenci\u00f3n temprana y oportuna.<\/strong><\/p>\n<p>Fuente: CSS<\/p>\n","protected":false},"excerpt":{"rendered":"<p>A partir del primer mes de nacido, los infantes pueden <a href=\"https:\/\/sertv.gob.pa\/crisolfm\/banderas-rojas-en-el-neurodesarrollo-a-que-prestarle-atencion\/\"> [&#8230;]<\/a><\/p>\n","protected":false},"author":9,"featured_media":68602,"comment_status":"closed","ping_status":"closed","sticky":false,"template":"","format":"standard","meta":{"footnotes":""},"categories":[14],"tags":[],"class_list":["post-68601","post","type-post","status-publish","format-standard","has-post-thumbnail","hentry","category-salud"],"_links":{"self":[{"href":"https:\/\/sertv.gob.pa\/crisolfm\/wp-json\/wp\/v2\/posts\/68601","targetHints":{"allow":["GET"]}}],"collection":[{"href":"https:\/\/sertv.gob.pa\/crisolfm\/wp-json\/wp\/v2\/posts"}],"about":[{"href":"https:\/\/sertv.gob.pa\/crisolfm\/wp-json\/wp\/v2\/types\/post"}],"author":[{"embeddable":true,"href":"https:\/\/sertv.gob.pa\/crisolfm\/wp-json\/wp\/v2\/users\/9"}],"replies":[{"embeddable":true,"href":"https:\/\/sertv.gob.pa\/crisolfm\/wp-json\/wp\/v2\/comments?post=68601"}],"version-history":[{"count":1,"href":"https:\/\/sertv.gob.pa\/crisolfm\/wp-json\/wp\/v2\/posts\/68601\/revisions"}],"predecessor-version":[{"id":68603,"href":"https:\/\/sertv.gob.pa\/crisolfm\/wp-json\/wp\/v2\/posts\/68601\/revisions\/68603"}],"wp:featuredmedia":[{"embeddable":true,"href":"https:\/\/sertv.gob.pa\/crisolfm\/wp-json\/wp\/v2\/media\/68602"}],"wp:attachment":[{"href":"https:\/\/sertv.gob.pa\/crisolfm\/wp-json\/wp\/v2\/media?parent=68601"}],"wp:term":[{"taxonomy":"category","embeddable":true,"href":"https:\/\/sertv.gob.pa\/crisolfm\/wp-json\/wp\/v2\/categories?post=68601"},{"taxonomy":"post_tag","embeddable":true,"href":"https:\/\/sertv.gob.pa\/crisolfm\/wp-json\/wp\/v2\/tags?post=68601"}],"curies":[{"name":"wp","href":"https:\/\/api.w.org\/{rel}","templated":true}]}}