{"id":68613,"date":"2025-01-23T18:28:54","date_gmt":"2025-01-23T18:28:54","guid":{"rendered":"https:\/\/sertv.gob.pa\/crisolfm\/?p=68613"},"modified":"2025-01-23T18:28:54","modified_gmt":"2025-01-23T18:28:54","slug":"canciller-martinez-acha-vasquez-se-reune-en-davos-con-directora-de-la-oim","status":"publish","type":"post","link":"https:\/\/sertv.gob.pa\/crisolfm\/canciller-martinez-acha-vasquez-se-reune-en-davos-con-directora-de-la-oim\/","title":{"rendered":"Canciller Mart\u00ednez Acha V\u00e1squez, se re\u00fane en Davos con directora de la OIM"},"content":{"rendered":"<p><strong>En el marco del Foro Econ\u00f3mico Mundial en Davos, Panam\u00e1, representada por el Canciller Javier Mart\u00ednez-Acha V\u00e1squez y acompa\u00f1ado por el Embajador Juan Alberto Castillero Correa, sostuvo una reuni\u00f3n bilateral con la Directora General de la Organizaci\u00f3n Internacional para las Migraciones (OIM), Sra. Amy Pope.<\/strong><\/p>\n<p><strong>Durante el encuentro, se abordaron temas prioritarios como: la promoci\u00f3n de v\u00edas de migraci\u00f3n regular, ordenada y segura, as\u00ed como estrategias conjuntas para enfrentar los desaf\u00edos globales de la movilidad humana, siempre bajo un enfoque de derechos humanos y sostenibilidad.<\/strong><\/p>\n<p><strong>Panam\u00e1, reafirma su liderazgo en el \u00e1mbito migratorio y su compromiso con la cooperaci\u00f3n internacional para avanzar hacia soluciones integrales, equitativas y en defensa de nuestra seguridad.<\/strong><\/p>\n<p>&nbsp;<\/p>\n<p>Fuente: MIRE \/ Canciller\u00eda de la Rep\u00fablica de Panam\u00e1<\/p>\n<p>&nbsp;<\/p>\n<p>&nbsp;<\/p>\n","protected":false},"excerpt":{"rendered":"<p>En el marco del Foro Econ\u00f3mico Mundial en Davos, Panam\u00e1, <a href=\"https:\/\/sertv.gob.pa\/crisolfm\/canciller-martinez-acha-vasquez-se-reune-en-davos-con-directora-de-la-oim\/\"> [&#8230;]<\/a><\/p>\n","protected":false},"author":9,"featured_media":68614,"comment_status":"closed","ping_status":"closed","sticky":false,"template":"","format":"standard","meta":{"footnotes":""},"categories":[12],"tags":[],"class_list":["post-68613","post","type-post","status-publish","format-standard","has-post-thumbnail","hentry","category-nacionales"],"_links":{"self":[{"href":"https:\/\/sertv.gob.pa\/crisolfm\/wp-json\/wp\/v2\/posts\/68613","targetHints":{"allow":["GET"]}}],"collection":[{"href":"https:\/\/sertv.gob.pa\/crisolfm\/wp-json\/wp\/v2\/posts"}],"about":[{"href":"https:\/\/sertv.gob.pa\/crisolfm\/wp-json\/wp\/v2\/types\/post"}],"author":[{"embeddable":true,"href":"https:\/\/sertv.gob.pa\/crisolfm\/wp-json\/wp\/v2\/users\/9"}],"replies":[{"embeddable":true,"href":"https:\/\/sertv.gob.pa\/crisolfm\/wp-json\/wp\/v2\/comments?post=68613"}],"version-history":[{"count":1,"href":"https:\/\/sertv.gob.pa\/crisolfm\/wp-json\/wp\/v2\/posts\/68613\/revisions"}],"predecessor-version":[{"id":68615,"href":"https:\/\/sertv.gob.pa\/crisolfm\/wp-json\/wp\/v2\/posts\/68613\/revisions\/68615"}],"wp:featuredmedia":[{"embeddable":true,"href":"https:\/\/sertv.gob.pa\/crisolfm\/wp-json\/wp\/v2\/media\/68614"}],"wp:attachment":[{"href":"https:\/\/sertv.gob.pa\/crisolfm\/wp-json\/wp\/v2\/media?parent=68613"}],"wp:term":[{"taxonomy":"category","embeddable":true,"href":"https:\/\/sertv.gob.pa\/crisolfm\/wp-json\/wp\/v2\/categories?post=68613"},{"taxonomy":"post_tag","embeddable":true,"href":"https:\/\/sertv.gob.pa\/crisolfm\/wp-json\/wp\/v2\/tags?post=68613"}],"curies":[{"name":"wp","href":"https:\/\/api.w.org\/{rel}","templated":true}]}}