{"id":68616,"date":"2025-01-23T18:44:28","date_gmt":"2025-01-23T18:44:28","guid":{"rendered":"https:\/\/sertv.gob.pa\/crisolfm\/?p=68616"},"modified":"2025-01-23T18:44:28","modified_gmt":"2025-01-23T18:44:28","slug":"comunicado-panama-lamenta-violencia-en-el-catatumbo","status":"publish","type":"post","link":"https:\/\/sertv.gob.pa\/crisolfm\/comunicado-panama-lamenta-violencia-en-el-catatumbo\/","title":{"rendered":"Comunicado Panam\u00e1 lamenta violencia en el Catatumbo"},"content":{"rendered":"<p>En un Comunicado, Panam\u00e1, lamenta escalada de violencia en Catatumbo y expresa solidaridad con Colombia.<\/p>\n<p>&nbsp;<\/p>\n<p>Fuente: MIRE \/ Canciller\u00eda de la Rep\u00fablica de Panam\u00e1<\/p>\n","protected":false},"excerpt":{"rendered":"<p>En un Comunicado, Panam\u00e1, lamenta escalada de violencia en Catatumbo <a href=\"https:\/\/sertv.gob.pa\/crisolfm\/comunicado-panama-lamenta-violencia-en-el-catatumbo\/\"> [&#8230;]<\/a><\/p>\n","protected":false},"author":9,"featured_media":68617,"comment_status":"closed","ping_status":"closed","sticky":false,"template":"","format":"standard","meta":{"footnotes":""},"categories":[12],"tags":[],"class_list":["post-68616","post","type-post","status-publish","format-standard","has-post-thumbnail","hentry","category-nacionales"],"_links":{"self":[{"href":"https:\/\/sertv.gob.pa\/crisolfm\/wp-json\/wp\/v2\/posts\/68616","targetHints":{"allow":["GET"]}}],"collection":[{"href":"https:\/\/sertv.gob.pa\/crisolfm\/wp-json\/wp\/v2\/posts"}],"about":[{"href":"https:\/\/sertv.gob.pa\/crisolfm\/wp-json\/wp\/v2\/types\/post"}],"author":[{"embeddable":true,"href":"https:\/\/sertv.gob.pa\/crisolfm\/wp-json\/wp\/v2\/users\/9"}],"replies":[{"embeddable":true,"href":"https:\/\/sertv.gob.pa\/crisolfm\/wp-json\/wp\/v2\/comments?post=68616"}],"version-history":[{"count":1,"href":"https:\/\/sertv.gob.pa\/crisolfm\/wp-json\/wp\/v2\/posts\/68616\/revisions"}],"predecessor-version":[{"id":68618,"href":"https:\/\/sertv.gob.pa\/crisolfm\/wp-json\/wp\/v2\/posts\/68616\/revisions\/68618"}],"wp:featuredmedia":[{"embeddable":true,"href":"https:\/\/sertv.gob.pa\/crisolfm\/wp-json\/wp\/v2\/media\/68617"}],"wp:attachment":[{"href":"https:\/\/sertv.gob.pa\/crisolfm\/wp-json\/wp\/v2\/media?parent=68616"}],"wp:term":[{"taxonomy":"category","embeddable":true,"href":"https:\/\/sertv.gob.pa\/crisolfm\/wp-json\/wp\/v2\/categories?post=68616"},{"taxonomy":"post_tag","embeddable":true,"href":"https:\/\/sertv.gob.pa\/crisolfm\/wp-json\/wp\/v2\/tags?post=68616"}],"curies":[{"name":"wp","href":"https:\/\/api.w.org\/{rel}","templated":true}]}}